{"id":19983,"date":"2025-09-01T11:57:20","date_gmt":"2025-09-01T09:57:20","guid":{"rendered":"https:\/\/inspiratie.corendon.nl\/?p=19983"},"modified":"2025-09-01T20:12:56","modified_gmt":"2025-09-01T18:12:56","slug":"arrangementen-op-curacao-retourvlucht-overnachtingen-net-iets-meer","status":"publish","type":"post","link":"https:\/\/inspiratie.corendon.nl\/arrangementen-op-curacao-retourvlucht-overnachtingen-net-iets-meer\/","title":{"rendered":"Arrangementen op Cura\u00e7ao: retourvlucht + overnachtingen + n\u00e9t iets meer."},"content":{"rendered":"\t\t<div data-elementor-type=\"wp-post\" data-elementor-id=\"19983\" class=\"elementor elementor-19983\" data-elementor-post-type=\"post\">\n\t\t\t\t<div class=\"elementor-element elementor-element-580778f6 e-flex e-con-boxed e-con e-parent\" data-id=\"580778f6\" data-element_type=\"container\">\n\t\t\t\t\t<div class=\"e-con-inner\">\n\t\t\t\t<div class=\"elementor-element elementor-element-287d00e1 elementor-widget elementor-widget-text-editor\" data-id=\"287d00e1\" data-element_type=\"widget\" data-widget_type=\"text-editor.default\">\n\t\t\t\t<div class=\"elementor-widget-container\">\n\t\t\t\t\t\t\t\t\t\n<p>Cura\u00e7ao staat garant voor een vakantie met een Caribisch tintje. Geniet met een koel drankje aan de rand van het zwembad, bezoek \u00e9\u00e9n van de (of alle) stranden op het eiland, of bezoek de parken die het eiland rijk is. Je vakantie wordt n\u00f3g leuker als je een arrangement boekt; dan is je vlucht inbegrepen, je overnachtingen \u00e9n iets extra\u2019s. Aan wat voor extra\u2019s je dan moet denken leg ik je hieronder uit.<\/p>\n\n<h2 class=\"wp-block-heading\">Sportieve arrangementen<\/h2>\n\n<figure data-wp-context=\"{&quot;imageId&quot;:&quot;69f0b5d61b164&quot;}\" data-wp-interactive=\"core\/image\" class=\"wp-block-image size-large wp-lightbox-container\"><img fetchpriority=\"high\" decoding=\"async\" width=\"1024\" height=\"683\" data-wp-class--hide=\"state.isContentHidden\" data-wp-class--show=\"state.isContentVisible\" data-wp-init=\"callbacks.setButtonStyles\" data-wp-on-async--click=\"actions.showLightbox\" data-wp-on-async--load=\"callbacks.setButtonStyles\" data-wp-on-async-window--resize=\"callbacks.setButtonStyles\" class=\"wp-image-19989\" src=\"https:\/\/inspiratie.corendon.nl\/wp-content\/uploads\/2025\/09\/Sportief-1024x683.webp\" alt=\"\" srcset=\"https:\/\/inspiratie.corendon.nl\/wp-content\/uploads\/2025\/09\/Sportief-1024x683.webp 1024w, https:\/\/inspiratie.corendon.nl\/wp-content\/uploads\/2025\/09\/Sportief-300x200.webp 300w, https:\/\/inspiratie.corendon.nl\/wp-content\/uploads\/2025\/09\/Sportief-768x512.webp 768w, https:\/\/inspiratie.corendon.nl\/wp-content\/uploads\/2025\/09\/Sportief.webp 1400w\" sizes=\"(max-width: 1024px) 100vw, 1024px\" \/><button\n\t\t\tclass=\"lightbox-trigger\"\n\t\t\ttype=\"button\"\n\t\t\taria-haspopup=\"dialog\"\n\t\t\taria-label=\"Vergroten\"\n\t\t\tdata-wp-init=\"callbacks.initTriggerButton\"\n\t\t\tdata-wp-on-async--click=\"actions.showLightbox\"\n\t\t\tdata-wp-style--right=\"state.imageButtonRight\"\n\t\t\tdata-wp-style--top=\"state.imageButtonTop\"\n\t\t>\n\t\t\t<svg xmlns=\"http:\/\/www.w3.org\/2000\/svg\" width=\"12\" height=\"12\" fill=\"none\" viewBox=\"0 0 12 12\">\n\t\t\t\t<path fill=\"#fff\" d=\"M2 0a2 2 0 0 0-2 2v2h1.5V2a.5.5 0 0 1 .5-.5h2V0H2Zm2 10.5H2a.5.5 0 0 1-.5-.5V8H0v2a2 2 0 0 0 2 2h2v-1.5ZM8 12v-1.5h2a.5.5 0 0 0 .5-.5V8H12v2a2 2 0 0 1-2 2H8Zm2-12a2 2 0 0 1 2 2v2h-1.5V2a.5.5 0 0 0-.5-.5H8V0h2Z\" \/>\n\t\t\t<\/svg>\n\t\t<\/button><\/figure>\n\n<p>In het najaar van 2025 worden in samenwerking met Sharon van Rouwendaal zwemclinics georganiseerd. Sharon heeft een Zilveren \u00e9n twee Gouden Olympische Medaille in haar trofee\u00ebnkast, en daarnaast nog meerdere Europese- en Wereldkampioenschappen op haar naam staan.<\/p>\n\n<figure data-wp-context=\"{&quot;imageId&quot;:&quot;69f0b5d61b416&quot;}\" data-wp-interactive=\"core\/image\" class=\"wp-block-image size-large wp-lightbox-container\"><img decoding=\"async\" width=\"1024\" height=\"683\" data-wp-class--hide=\"state.isContentHidden\" data-wp-class--show=\"state.isContentVisible\" data-wp-init=\"callbacks.setButtonStyles\" data-wp-on-async--click=\"actions.showLightbox\" data-wp-on-async--load=\"callbacks.setButtonStyles\" data-wp-on-async-window--resize=\"callbacks.setButtonStyles\" class=\"wp-image-19990\" src=\"https:\/\/inspiratie.corendon.nl\/wp-content\/uploads\/2025\/09\/Sportief03-1024x683.webp\" alt=\"\" srcset=\"https:\/\/inspiratie.corendon.nl\/wp-content\/uploads\/2025\/09\/Sportief03-1024x683.webp 1024w, https:\/\/inspiratie.corendon.nl\/wp-content\/uploads\/2025\/09\/Sportief03-300x200.webp 300w, https:\/\/inspiratie.corendon.nl\/wp-content\/uploads\/2025\/09\/Sportief03-768x512.webp 768w, https:\/\/inspiratie.corendon.nl\/wp-content\/uploads\/2025\/09\/Sportief03.webp 1400w\" sizes=\"(max-width: 1024px) 100vw, 1024px\" \/><button\n\t\t\tclass=\"lightbox-trigger\"\n\t\t\ttype=\"button\"\n\t\t\taria-haspopup=\"dialog\"\n\t\t\taria-label=\"Vergroten\"\n\t\t\tdata-wp-init=\"callbacks.initTriggerButton\"\n\t\t\tdata-wp-on-async--click=\"actions.showLightbox\"\n\t\t\tdata-wp-style--right=\"state.imageButtonRight\"\n\t\t\tdata-wp-style--top=\"state.imageButtonTop\"\n\t\t>\n\t\t\t<svg xmlns=\"http:\/\/www.w3.org\/2000\/svg\" width=\"12\" height=\"12\" fill=\"none\" viewBox=\"0 0 12 12\">\n\t\t\t\t<path fill=\"#fff\" d=\"M2 0a2 2 0 0 0-2 2v2h1.5V2a.5.5 0 0 1 .5-.5h2V0H2Zm2 10.5H2a.5.5 0 0 1-.5-.5V8H0v2a2 2 0 0 0 2 2h2v-1.5ZM8 12v-1.5h2a.5.5 0 0 0 .5-.5V8H12v2a2 2 0 0 1-2 2H8Zm2-12a2 2 0 0 1 2 2v2h-1.5V2a.5.5 0 0 0-.5-.5H8V0h2Z\" \/>\n\t\t\t<\/svg>\n\t\t<\/button><\/figure>\n\n<p>Dat klinkt veelbelovend, vind je ook niet? Sharon geeft op Cura\u00e7ao zwemclinics, waarbij je moet denken aan openwatertraining, zwemanalyses maar ook warming-ups en cool-downs. De clinics worden onder meer gehouden bij Mambo Beach, Piscadera Baai en bij <a href=\"https:\/\/www.corendon.nl\/curacao\/willemstad\/the-rif-at-mangrove-beach-zwemclinics-sharon-van-rouwendaal\" target=\"_blank\" rel=\"noreferrer noopener\">The Rif<\/a>. Uiteraard houdt het daar niet bij op. Je krijgt lessen in groepen van minimaal 6 personen en leert hoe je in open water kunt zwemmen. Technieken, ori\u00ebntatie, groepszwemmen zijn een paar aspecten die aan bod komen. Je kunt ook overnachten bij <a href=\"https:\/\/www.corendon.nl\/curacao\/jan-thiel-baai\/livingstone-jan-thiel-resort-zwemclinics-sharon-van-rouwendaal\" target=\"_blank\" rel=\"noreferrer noopener\">Livingstone Jan Thiel Resort<\/a>, o.b.v. Logies &amp; Ontbijt. Bekijk deze Parel in de Caribische Zee vanuit een sportief standpunt.<\/p>\n\n<h2 class=\"wp-block-heading\">Culinaire arrangementen<\/h2>\n\n<figure class=\"wp-block-gallery has-nested-images columns-default is-cropped wp-block-gallery-3 is-layout-flex wp-block-gallery-is-layout-flex\">\n<figure data-wp-context=\"{&quot;imageId&quot;:&quot;69f0b5d61b744&quot;}\" data-wp-interactive=\"core\/image\" class=\"wp-block-image size-full wp-lightbox-container\"><img decoding=\"async\" width=\"1400\" height=\"907\" data-wp-class--hide=\"state.isContentHidden\" data-wp-class--show=\"state.isContentVisible\" data-wp-init=\"callbacks.setButtonStyles\" data-wp-on-async--click=\"actions.showLightbox\" data-wp-on-async--load=\"callbacks.setButtonStyles\" data-wp-on-async-window--resize=\"callbacks.setButtonStyles\" data-id=\"19992\" class=\"wp-image-19992\" src=\"https:\/\/inspiratie.corendon.nl\/wp-content\/uploads\/2025\/09\/Culinair03.webp\" alt=\"\" srcset=\"https:\/\/inspiratie.corendon.nl\/wp-content\/uploads\/2025\/09\/Culinair03.webp 1400w, https:\/\/inspiratie.corendon.nl\/wp-content\/uploads\/2025\/09\/Culinair03-300x194.webp 300w, https:\/\/inspiratie.corendon.nl\/wp-content\/uploads\/2025\/09\/Culinair03-1024x663.webp 1024w, https:\/\/inspiratie.corendon.nl\/wp-content\/uploads\/2025\/09\/Culinair03-768x498.webp 768w\" sizes=\"(max-width: 1400px) 100vw, 1400px\" \/><button\n\t\t\tclass=\"lightbox-trigger\"\n\t\t\ttype=\"button\"\n\t\t\taria-haspopup=\"dialog\"\n\t\t\taria-label=\"Vergroten\"\n\t\t\tdata-wp-init=\"callbacks.initTriggerButton\"\n\t\t\tdata-wp-on-async--click=\"actions.showLightbox\"\n\t\t\tdata-wp-style--right=\"state.imageButtonRight\"\n\t\t\tdata-wp-style--top=\"state.imageButtonTop\"\n\t\t>\n\t\t\t<svg xmlns=\"http:\/\/www.w3.org\/2000\/svg\" width=\"12\" height=\"12\" fill=\"none\" viewBox=\"0 0 12 12\">\n\t\t\t\t<path fill=\"#fff\" d=\"M2 0a2 2 0 0 0-2 2v2h1.5V2a.5.5 0 0 1 .5-.5h2V0H2Zm2 10.5H2a.5.5 0 0 1-.5-.5V8H0v2a2 2 0 0 0 2 2h2v-1.5ZM8 12v-1.5h2a.5.5 0 0 0 .5-.5V8H12v2a2 2 0 0 1-2 2H8Zm2-12a2 2 0 0 1 2 2v2h-1.5V2a.5.5 0 0 0-.5-.5H8V0h2Z\" \/>\n\t\t\t<\/svg>\n\t\t<\/button><\/figure>\n\n<figure data-wp-context=\"{&quot;imageId&quot;:&quot;69f0b5d61b972&quot;}\" data-wp-interactive=\"core\/image\" class=\"wp-block-image size-full wp-lightbox-container\"><img loading=\"lazy\" decoding=\"async\" width=\"1400\" height=\"831\" data-wp-class--hide=\"state.isContentHidden\" data-wp-class--show=\"state.isContentVisible\" data-wp-init=\"callbacks.setButtonStyles\" data-wp-on-async--click=\"actions.showLightbox\" data-wp-on-async--load=\"callbacks.setButtonStyles\" data-wp-on-async-window--resize=\"callbacks.setButtonStyles\" data-id=\"19993\" class=\"wp-image-19993\" src=\"https:\/\/inspiratie.corendon.nl\/wp-content\/uploads\/2025\/09\/Culinair.webp\" alt=\"\" srcset=\"https:\/\/inspiratie.corendon.nl\/wp-content\/uploads\/2025\/09\/Culinair.webp 1400w, https:\/\/inspiratie.corendon.nl\/wp-content\/uploads\/2025\/09\/Culinair-300x178.webp 300w, https:\/\/inspiratie.corendon.nl\/wp-content\/uploads\/2025\/09\/Culinair-1024x608.webp 1024w, https:\/\/inspiratie.corendon.nl\/wp-content\/uploads\/2025\/09\/Culinair-768x456.webp 768w\" sizes=\"(max-width: 1400px) 100vw, 1400px\" \/><button\n\t\t\tclass=\"lightbox-trigger\"\n\t\t\ttype=\"button\"\n\t\t\taria-haspopup=\"dialog\"\n\t\t\taria-label=\"Vergroten\"\n\t\t\tdata-wp-init=\"callbacks.initTriggerButton\"\n\t\t\tdata-wp-on-async--click=\"actions.showLightbox\"\n\t\t\tdata-wp-style--right=\"state.imageButtonRight\"\n\t\t\tdata-wp-style--top=\"state.imageButtonTop\"\n\t\t>\n\t\t\t<svg xmlns=\"http:\/\/www.w3.org\/2000\/svg\" width=\"12\" height=\"12\" fill=\"none\" viewBox=\"0 0 12 12\">\n\t\t\t\t<path fill=\"#fff\" d=\"M2 0a2 2 0 0 0-2 2v2h1.5V2a.5.5 0 0 1 .5-.5h2V0H2Zm2 10.5H2a.5.5 0 0 1-.5-.5V8H0v2a2 2 0 0 0 2 2h2v-1.5ZM8 12v-1.5h2a.5.5 0 0 0 .5-.5V8H12v2a2 2 0 0 1-2 2H8Zm2-12a2 2 0 0 1 2 2v2h-1.5V2a.5.5 0 0 0-.5-.5H8V0h2Z\" \/>\n\t\t\t<\/svg>\n\t\t<\/button><\/figure>\n\n<figure data-wp-context=\"{&quot;imageId&quot;:&quot;69f0b5d61bb79&quot;}\" data-wp-interactive=\"core\/image\" class=\"wp-block-image size-full wp-lightbox-container\"><img loading=\"lazy\" decoding=\"async\" width=\"1400\" height=\"934\" data-wp-class--hide=\"state.isContentHidden\" data-wp-class--show=\"state.isContentVisible\" data-wp-init=\"callbacks.setButtonStyles\" data-wp-on-async--click=\"actions.showLightbox\" data-wp-on-async--load=\"callbacks.setButtonStyles\" data-wp-on-async-window--resize=\"callbacks.setButtonStyles\" data-id=\"19994\" class=\"wp-image-19994\" src=\"https:\/\/inspiratie.corendon.nl\/wp-content\/uploads\/2025\/09\/Culinair02.webp\" alt=\"\" srcset=\"https:\/\/inspiratie.corendon.nl\/wp-content\/uploads\/2025\/09\/Culinair02.webp 1400w, https:\/\/inspiratie.corendon.nl\/wp-content\/uploads\/2025\/09\/Culinair02-300x200.webp 300w, https:\/\/inspiratie.corendon.nl\/wp-content\/uploads\/2025\/09\/Culinair02-1024x683.webp 1024w, https:\/\/inspiratie.corendon.nl\/wp-content\/uploads\/2025\/09\/Culinair02-768x512.webp 768w\" sizes=\"(max-width: 1400px) 100vw, 1400px\" \/><button\n\t\t\tclass=\"lightbox-trigger\"\n\t\t\ttype=\"button\"\n\t\t\taria-haspopup=\"dialog\"\n\t\t\taria-label=\"Vergroten\"\n\t\t\tdata-wp-init=\"callbacks.initTriggerButton\"\n\t\t\tdata-wp-on-async--click=\"actions.showLightbox\"\n\t\t\tdata-wp-style--right=\"state.imageButtonRight\"\n\t\t\tdata-wp-style--top=\"state.imageButtonTop\"\n\t\t>\n\t\t\t<svg xmlns=\"http:\/\/www.w3.org\/2000\/svg\" width=\"12\" height=\"12\" fill=\"none\" viewBox=\"0 0 12 12\">\n\t\t\t\t<path fill=\"#fff\" d=\"M2 0a2 2 0 0 0-2 2v2h1.5V2a.5.5 0 0 1 .5-.5h2V0H2Zm2 10.5H2a.5.5 0 0 1-.5-.5V8H0v2a2 2 0 0 0 2 2h2v-1.5ZM8 12v-1.5h2a.5.5 0 0 0 .5-.5V8H12v2a2 2 0 0 1-2 2H8Zm2-12a2 2 0 0 1 2 2v2h-1.5V2a.5.5 0 0 0-.5-.5H8V0h2Z\" \/>\n\t\t\t<\/svg>\n\t\t<\/button><\/figure>\n<\/figure>\n\n<p>Over Logies &amp; Ontbijt gesproken: wil je letterlijk en figuurlijk de Caribische vibe proeven? Dat kan! Met de culinaire arrangementen. Ook bij deze arrangementen is de vlucht en overnachtingen inbegrepen. Bij deze geselecteerde accommodaties verblijf je veelal op basis van Logies of Logies &amp; Ontbijt. Dan is het helemaal lekker om te weten dat je bij 3 verschillende restaurants van een 2-gangenmenu + een drankje mag genieten. Hoef je alleen nog maar te bedenken waar en wat je wilt doen voor lunch. Dat kan vaak ook op het strand, maar als je in de buurt van je hotel iets zoekt, dan is er al-tijd wel een leuk tentje in de buurt, of op z\u2019n minst op loopafstand. Heb je de smaak al te pakken?<\/p>\n\n<div class=\"wp-block-buttons is-layout-flex wp-block-buttons-is-layout-flex\">\n<div class=\"wp-block-button\"><a class=\"wp-block-button__link wp-element-button\" href=\"https:\/\/www.corendon.nl\/curacao?psort=6&amp;search=culinair\" target=\"_blank\" rel=\"noreferrer noopener\">Bekijk culinair aanbod<\/a><\/div>\n<\/div>\n\n<h2 class=\"wp-block-heading\">Muzikale arrangementen<\/h2>\n\n<figure class=\"wp-block-gallery has-nested-images columns-default is-cropped wp-block-gallery-4 is-layout-flex wp-block-gallery-is-layout-flex\">\n<figure data-wp-context=\"{&quot;imageId&quot;:&quot;69f0b5d61c01c&quot;}\" data-wp-interactive=\"core\/image\" class=\"wp-block-image size-full wp-lightbox-container\"><img loading=\"lazy\" decoding=\"async\" width=\"1400\" height=\"934\" data-wp-class--hide=\"state.isContentHidden\" data-wp-class--show=\"state.isContentVisible\" data-wp-init=\"callbacks.setButtonStyles\" data-wp-on-async--click=\"actions.showLightbox\" data-wp-on-async--load=\"callbacks.setButtonStyles\" data-wp-on-async-window--resize=\"callbacks.setButtonStyles\" data-id=\"19998\" class=\"wp-image-19998\" src=\"https:\/\/inspiratie.corendon.nl\/wp-content\/uploads\/2025\/09\/Muzikaal03.webp\" alt=\"\" srcset=\"https:\/\/inspiratie.corendon.nl\/wp-content\/uploads\/2025\/09\/Muzikaal03.webp 1400w, https:\/\/inspiratie.corendon.nl\/wp-content\/uploads\/2025\/09\/Muzikaal03-300x200.webp 300w, https:\/\/inspiratie.corendon.nl\/wp-content\/uploads\/2025\/09\/Muzikaal03-1024x683.webp 1024w, https:\/\/inspiratie.corendon.nl\/wp-content\/uploads\/2025\/09\/Muzikaal03-768x512.webp 768w\" sizes=\"(max-width: 1400px) 100vw, 1400px\" \/><button\n\t\t\tclass=\"lightbox-trigger\"\n\t\t\ttype=\"button\"\n\t\t\taria-haspopup=\"dialog\"\n\t\t\taria-label=\"Vergroten\"\n\t\t\tdata-wp-init=\"callbacks.initTriggerButton\"\n\t\t\tdata-wp-on-async--click=\"actions.showLightbox\"\n\t\t\tdata-wp-style--right=\"state.imageButtonRight\"\n\t\t\tdata-wp-style--top=\"state.imageButtonTop\"\n\t\t>\n\t\t\t<svg xmlns=\"http:\/\/www.w3.org\/2000\/svg\" width=\"12\" height=\"12\" fill=\"none\" viewBox=\"0 0 12 12\">\n\t\t\t\t<path fill=\"#fff\" d=\"M2 0a2 2 0 0 0-2 2v2h1.5V2a.5.5 0 0 1 .5-.5h2V0H2Zm2 10.5H2a.5.5 0 0 1-.5-.5V8H0v2a2 2 0 0 0 2 2h2v-1.5ZM8 12v-1.5h2a.5.5 0 0 0 .5-.5V8H12v2a2 2 0 0 1-2 2H8Zm2-12a2 2 0 0 1 2 2v2h-1.5V2a.5.5 0 0 0-.5-.5H8V0h2Z\" \/>\n\t\t\t<\/svg>\n\t\t<\/button><\/figure>\n\n<figure data-wp-context=\"{&quot;imageId&quot;:&quot;69f0b5d61c220&quot;}\" data-wp-interactive=\"core\/image\" class=\"wp-block-image size-full wp-lightbox-container\"><img loading=\"lazy\" decoding=\"async\" width=\"1400\" height=\"934\" data-wp-class--hide=\"state.isContentHidden\" data-wp-class--show=\"state.isContentVisible\" data-wp-init=\"callbacks.setButtonStyles\" data-wp-on-async--click=\"actions.showLightbox\" data-wp-on-async--load=\"callbacks.setButtonStyles\" data-wp-on-async-window--resize=\"callbacks.setButtonStyles\" data-id=\"19999\" class=\"wp-image-19999\" src=\"https:\/\/inspiratie.corendon.nl\/wp-content\/uploads\/2025\/09\/Muzikaal.webp\" alt=\"\" srcset=\"https:\/\/inspiratie.corendon.nl\/wp-content\/uploads\/2025\/09\/Muzikaal.webp 1400w, https:\/\/inspiratie.corendon.nl\/wp-content\/uploads\/2025\/09\/Muzikaal-300x200.webp 300w, https:\/\/inspiratie.corendon.nl\/wp-content\/uploads\/2025\/09\/Muzikaal-1024x683.webp 1024w, https:\/\/inspiratie.corendon.nl\/wp-content\/uploads\/2025\/09\/Muzikaal-768x512.webp 768w\" sizes=\"(max-width: 1400px) 100vw, 1400px\" \/><button\n\t\t\tclass=\"lightbox-trigger\"\n\t\t\ttype=\"button\"\n\t\t\taria-haspopup=\"dialog\"\n\t\t\taria-label=\"Vergroten\"\n\t\t\tdata-wp-init=\"callbacks.initTriggerButton\"\n\t\t\tdata-wp-on-async--click=\"actions.showLightbox\"\n\t\t\tdata-wp-style--right=\"state.imageButtonRight\"\n\t\t\tdata-wp-style--top=\"state.imageButtonTop\"\n\t\t>\n\t\t\t<svg xmlns=\"http:\/\/www.w3.org\/2000\/svg\" width=\"12\" height=\"12\" fill=\"none\" viewBox=\"0 0 12 12\">\n\t\t\t\t<path fill=\"#fff\" d=\"M2 0a2 2 0 0 0-2 2v2h1.5V2a.5.5 0 0 1 .5-.5h2V0H2Zm2 10.5H2a.5.5 0 0 1-.5-.5V8H0v2a2 2 0 0 0 2 2h2v-1.5ZM8 12v-1.5h2a.5.5 0 0 0 .5-.5V8H12v2a2 2 0 0 1-2 2H8Zm2-12a2 2 0 0 1 2 2v2h-1.5V2a.5.5 0 0 0-.5-.5H8V0h2Z\" \/>\n\t\t\t<\/svg>\n\t\t<\/button><\/figure>\n\n<figure data-wp-context=\"{&quot;imageId&quot;:&quot;69f0b5d61c3d2&quot;}\" data-wp-interactive=\"core\/image\" class=\"wp-block-image size-full wp-lightbox-container\"><img loading=\"lazy\" decoding=\"async\" width=\"1400\" height=\"934\" data-wp-class--hide=\"state.isContentHidden\" data-wp-class--show=\"state.isContentVisible\" data-wp-init=\"callbacks.setButtonStyles\" data-wp-on-async--click=\"actions.showLightbox\" data-wp-on-async--load=\"callbacks.setButtonStyles\" data-wp-on-async-window--resize=\"callbacks.setButtonStyles\" data-id=\"20000\" class=\"wp-image-20000\" src=\"https:\/\/inspiratie.corendon.nl\/wp-content\/uploads\/2025\/09\/Muzikaal02.webp\" alt=\"\" srcset=\"https:\/\/inspiratie.corendon.nl\/wp-content\/uploads\/2025\/09\/Muzikaal02.webp 1400w, https:\/\/inspiratie.corendon.nl\/wp-content\/uploads\/2025\/09\/Muzikaal02-300x200.webp 300w, https:\/\/inspiratie.corendon.nl\/wp-content\/uploads\/2025\/09\/Muzikaal02-1024x683.webp 1024w, https:\/\/inspiratie.corendon.nl\/wp-content\/uploads\/2025\/09\/Muzikaal02-768x512.webp 768w\" sizes=\"(max-width: 1400px) 100vw, 1400px\" \/><button\n\t\t\tclass=\"lightbox-trigger\"\n\t\t\ttype=\"button\"\n\t\t\taria-haspopup=\"dialog\"\n\t\t\taria-label=\"Vergroten\"\n\t\t\tdata-wp-init=\"callbacks.initTriggerButton\"\n\t\t\tdata-wp-on-async--click=\"actions.showLightbox\"\n\t\t\tdata-wp-style--right=\"state.imageButtonRight\"\n\t\t\tdata-wp-style--top=\"state.imageButtonTop\"\n\t\t>\n\t\t\t<svg xmlns=\"http:\/\/www.w3.org\/2000\/svg\" width=\"12\" height=\"12\" fill=\"none\" viewBox=\"0 0 12 12\">\n\t\t\t\t<path fill=\"#fff\" d=\"M2 0a2 2 0 0 0-2 2v2h1.5V2a.5.5 0 0 1 .5-.5h2V0H2Zm2 10.5H2a.5.5 0 0 1-.5-.5V8H0v2a2 2 0 0 0 2 2h2v-1.5ZM8 12v-1.5h2a.5.5 0 0 0 .5-.5V8H12v2a2 2 0 0 1-2 2H8Zm2-12a2 2 0 0 1 2 2v2h-1.5V2a.5.5 0 0 0-.5-.5H8V0h2Z\" \/>\n\t\t\t<\/svg>\n\t\t<\/button><\/figure>\n<\/figure>\n\n<p>Dat klinkt als muziek in de oren toch? Ja ja, laat je jas maar thuis wat de North Sea Jazz Cura\u00e7ao concerten zijn de oude, vertrouwde North Sea Jazz formule maar dan Caribbean style. Goeie line ups, perfecte accommodaties, comfortabele vlucht, Caribische vibes\u2026 Dat is maximaal tropisch genieten van North Sea Jazz. In 2025 gaf zelfs Snoop Dog acte de presence, net als Kool and the Gang of wat dacht je van Ricky Martin? Drie verschillende stijlen tijdens NSJC, en toch \u00e9\u00e9n groot feest. En uiteraard zijn er nog meer artiesten die de diverse podia beklimmen. Meer over het programma <a href=\"https:\/\/www.curacaonorthseajazz.com\/nl\/\" target=\"_blank\" rel=\"noreferrer noopener\">lees je hier<\/a>.<\/p>\n\n<p>Met Corendon naar North Sea Jazz Cura\u00e7ao? Dat kan, we bieden fijne arrangementen met vlucht, overnachtingen en toegang tot North Sea Jazz Cura\u00e7ao. See you on the dancefloor!<\/p>\n\n<div class=\"wp-block-buttons is-layout-flex wp-block-buttons-is-layout-flex\">\n<div class=\"wp-block-button\"><a class=\"wp-block-button__link wp-element-button\" href=\"https:\/\/www.corendon.nl\/jazz\" target=\"_blank\" rel=\"noreferrer noopener\">Bekijk de mogelijkheden<\/a><\/div>\n<\/div>\n\n<h2 class=\"wp-block-heading\">Fly &amp; Go: vlucht + hotel + een auto om het eiland maximaal te verkennen<\/h2>\n\n<figure data-wp-context=\"{&quot;imageId&quot;:&quot;69f0b5d61c7e1&quot;}\" data-wp-interactive=\"core\/image\" class=\"wp-block-image size-full wp-lightbox-container\"><img loading=\"lazy\" decoding=\"async\" width=\"1400\" height=\"934\" data-wp-class--hide=\"state.isContentHidden\" data-wp-class--show=\"state.isContentVisible\" data-wp-init=\"callbacks.setButtonStyles\" data-wp-on-async--click=\"actions.showLightbox\" data-wp-on-async--load=\"callbacks.setButtonStyles\" data-wp-on-async-window--resize=\"callbacks.setButtonStyles\" class=\"wp-image-20001\" src=\"https:\/\/inspiratie.corendon.nl\/wp-content\/uploads\/2025\/09\/FlyGo03.webp\" alt=\"\" srcset=\"https:\/\/inspiratie.corendon.nl\/wp-content\/uploads\/2025\/09\/FlyGo03.webp 1400w, https:\/\/inspiratie.corendon.nl\/wp-content\/uploads\/2025\/09\/FlyGo03-300x200.webp 300w, https:\/\/inspiratie.corendon.nl\/wp-content\/uploads\/2025\/09\/FlyGo03-1024x683.webp 1024w, https:\/\/inspiratie.corendon.nl\/wp-content\/uploads\/2025\/09\/FlyGo03-768x512.webp 768w\" sizes=\"(max-width: 1400px) 100vw, 1400px\" \/><button\n\t\t\tclass=\"lightbox-trigger\"\n\t\t\ttype=\"button\"\n\t\t\taria-haspopup=\"dialog\"\n\t\t\taria-label=\"Vergroten\"\n\t\t\tdata-wp-init=\"callbacks.initTriggerButton\"\n\t\t\tdata-wp-on-async--click=\"actions.showLightbox\"\n\t\t\tdata-wp-style--right=\"state.imageButtonRight\"\n\t\t\tdata-wp-style--top=\"state.imageButtonTop\"\n\t\t>\n\t\t\t<svg xmlns=\"http:\/\/www.w3.org\/2000\/svg\" width=\"12\" height=\"12\" fill=\"none\" viewBox=\"0 0 12 12\">\n\t\t\t\t<path fill=\"#fff\" d=\"M2 0a2 2 0 0 0-2 2v2h1.5V2a.5.5 0 0 1 .5-.5h2V0H2Zm2 10.5H2a.5.5 0 0 1-.5-.5V8H0v2a2 2 0 0 0 2 2h2v-1.5ZM8 12v-1.5h2a.5.5 0 0 0 .5-.5V8H12v2a2 2 0 0 1-2 2H8Zm2-12a2 2 0 0 1 2 2v2h-1.5V2a.5.5 0 0 0-.5-.5H8V0h2Z\" \/>\n\t\t\t<\/svg>\n\t\t<\/button><\/figure>\n\n<p>Je houdt van relaxen bij het zwembad of aan het strand, koel drankje en verder niets? Dan heb ik een leuk idee voor je: een Fly &amp; Go. Bij dit vakantietype is je vlucht inbegrepen, je overnachtingen \u00e9n een huurautootje; alles-in-\u00e9\u00e9n-boeking. We hebben nu ook tijdelijk een paar Fly &amp; Go vakanties als culinair arrangement. Heb ik je aandacht? Mooi; je hebt dan vlucht + hotel + huurauto + 3x dineren + een drankje. Je rijdt dan met je autootje naar je bestemming, dineert en rijdt dan weer terug naar je hotel. Hoef je niet na te denken over wat en waar je wilt dineren. Bekijk <a href=\"https:\/\/www.corendon.nl\/curacao?psort=6&amp;search=Go%20culinair\" target=\"_blank\" rel=\"noopener\">de mogelijkheden hier<\/a>.<\/p>\n\n<p>Hoef je niet per se te dineren, en denk je: ik zoek het zelf wel uit, dan is dat uiteraard ook mogelijk. Als je maar 4 wielen onder je kont hebt. Bekijk<a href=\"https:\/\/www.corendon.nl\/curacao?specialFeatures=284\" target=\"_blank\" rel=\"noopener\"> de mogelijkheden hier<\/a>.<\/p>\n\n<p>Dus go and book your fly &amp; go!<\/p>\n\n<h2 class=\"wp-block-heading\">Fuikdag<\/h2>\n\n<figure data-wp-context=\"{&quot;imageId&quot;:&quot;69f0b5d61ca70&quot;}\" data-wp-interactive=\"core\/image\" class=\"wp-block-image size-full wp-lightbox-container\"><img loading=\"lazy\" decoding=\"async\" width=\"1400\" height=\"1049\" data-wp-class--hide=\"state.isContentHidden\" data-wp-class--show=\"state.isContentVisible\" data-wp-init=\"callbacks.setButtonStyles\" data-wp-on-async--click=\"actions.showLightbox\" data-wp-on-async--load=\"callbacks.setButtonStyles\" data-wp-on-async-window--resize=\"callbacks.setButtonStyles\" class=\"wp-image-20003\" src=\"https:\/\/inspiratie.corendon.nl\/wp-content\/uploads\/2025\/09\/Fuik.webp\" alt=\"\" srcset=\"https:\/\/inspiratie.corendon.nl\/wp-content\/uploads\/2025\/09\/Fuik.webp 1400w, https:\/\/inspiratie.corendon.nl\/wp-content\/uploads\/2025\/09\/Fuik-300x225.webp 300w, https:\/\/inspiratie.corendon.nl\/wp-content\/uploads\/2025\/09\/Fuik-1024x767.webp 1024w, https:\/\/inspiratie.corendon.nl\/wp-content\/uploads\/2025\/09\/Fuik-768x575.webp 768w\" sizes=\"(max-width: 1400px) 100vw, 1400px\" \/><button\n\t\t\tclass=\"lightbox-trigger\"\n\t\t\ttype=\"button\"\n\t\t\taria-haspopup=\"dialog\"\n\t\t\taria-label=\"Vergroten\"\n\t\t\tdata-wp-init=\"callbacks.initTriggerButton\"\n\t\t\tdata-wp-on-async--click=\"actions.showLightbox\"\n\t\t\tdata-wp-style--right=\"state.imageButtonRight\"\n\t\t\tdata-wp-style--top=\"state.imageButtonTop\"\n\t\t>\n\t\t\t<svg xmlns=\"http:\/\/www.w3.org\/2000\/svg\" width=\"12\" height=\"12\" fill=\"none\" viewBox=\"0 0 12 12\">\n\t\t\t\t<path fill=\"#fff\" d=\"M2 0a2 2 0 0 0-2 2v2h1.5V2a.5.5 0 0 1 .5-.5h2V0H2Zm2 10.5H2a.5.5 0 0 1-.5-.5V8H0v2a2 2 0 0 0 2 2h2v-1.5ZM8 12v-1.5h2a.5.5 0 0 0 .5-.5V8H12v2a2 2 0 0 1-2 2H8Zm2-12a2 2 0 0 1 2 2v2h-1.5V2a.5.5 0 0 0-.5-.5H8V0h2Z\" \/>\n\t\t\t<\/svg>\n\t\t<\/button><\/figure>\n\n<p>\u201cWAT?\u201d hoor ik je denken. Fuikdag. Deze dag dankt zijn naam aan de locatie waar dit geweldige feest plaatsvindt: Fuikbaai, en biedt plaats aan het grootste (drijvende) feest van Cura\u00e7ao. Daar heb ik <a href=\"https:\/\/www.corendon.nl\/inspiratie\/fuikdag-curacao\/\" target=\"_blank\" rel=\"noopener\">al eerder over geschreven<\/a>.<\/p>\n\n<figure data-wp-context=\"{&quot;imageId&quot;:&quot;69f0b5d61cc53&quot;}\" data-wp-interactive=\"core\/image\" class=\"wp-block-image size-full wp-lightbox-container\"><img loading=\"lazy\" decoding=\"async\" width=\"1400\" height=\"934\" data-wp-class--hide=\"state.isContentHidden\" data-wp-class--show=\"state.isContentVisible\" data-wp-init=\"callbacks.setButtonStyles\" data-wp-on-async--click=\"actions.showLightbox\" data-wp-on-async--load=\"callbacks.setButtonStyles\" data-wp-on-async-window--resize=\"callbacks.setButtonStyles\" class=\"wp-image-20002\" src=\"https:\/\/inspiratie.corendon.nl\/wp-content\/uploads\/2025\/09\/Fuik02.webp\" alt=\"\" srcset=\"https:\/\/inspiratie.corendon.nl\/wp-content\/uploads\/2025\/09\/Fuik02.webp 1400w, https:\/\/inspiratie.corendon.nl\/wp-content\/uploads\/2025\/09\/Fuik02-300x200.webp 300w, https:\/\/inspiratie.corendon.nl\/wp-content\/uploads\/2025\/09\/Fuik02-1024x683.webp 1024w, https:\/\/inspiratie.corendon.nl\/wp-content\/uploads\/2025\/09\/Fuik02-768x512.webp 768w\" sizes=\"(max-width: 1400px) 100vw, 1400px\" \/><button\n\t\t\tclass=\"lightbox-trigger\"\n\t\t\ttype=\"button\"\n\t\t\taria-haspopup=\"dialog\"\n\t\t\taria-label=\"Vergroten\"\n\t\t\tdata-wp-init=\"callbacks.initTriggerButton\"\n\t\t\tdata-wp-on-async--click=\"actions.showLightbox\"\n\t\t\tdata-wp-style--right=\"state.imageButtonRight\"\n\t\t\tdata-wp-style--top=\"state.imageButtonTop\"\n\t\t>\n\t\t\t<svg xmlns=\"http:\/\/www.w3.org\/2000\/svg\" width=\"12\" height=\"12\" fill=\"none\" viewBox=\"0 0 12 12\">\n\t\t\t\t<path fill=\"#fff\" d=\"M2 0a2 2 0 0 0-2 2v2h1.5V2a.5.5 0 0 1 .5-.5h2V0H2Zm2 10.5H2a.5.5 0 0 1-.5-.5V8H0v2a2 2 0 0 0 2 2h2v-1.5ZM8 12v-1.5h2a.5.5 0 0 0 .5-.5V8H12v2a2 2 0 0 1-2 2H8Zm2-12a2 2 0 0 1 2 2v2h-1.5V2a.5.5 0 0 0-.5-.5H8V0h2Z\" \/>\n\t\t\t<\/svg>\n\t\t<\/button><\/figure>\n\n<p>Voor deze happening bieden we de varende feestgangers de mogelijkheid een fuikdag-arrangement te boeken. Ook nu is vlucht + overnachting inbegrepen, boottocht, drankjes en een BBQ-lunch! Vliegen, varen, feestje, vakantie. Caribische chills, zonnige mood. En dat kan allemaal op Cura\u00e7ao, dus pak je zwembroek, zwemband, je zonnebrand en zonnige humeur, en doe mee, want zeg nou zelf: zo\u2019n buitenkans laat je toch niet aan je voorbijvaren?<\/p>\n\n<div class=\"wp-block-buttons is-layout-flex wp-block-buttons-is-layout-flex\">\n<div class=\"wp-block-button\"><a class=\"wp-block-button__link wp-element-button\" href=\"https:\/\/www.corendon.nl\/fuik\" target=\"_blank\" rel=\"noopener\">Bekijk de deals hier<\/a><\/div>\n<\/div>\n\n<p>\u00a0<\/p>\n\t\t\t\t\t\t\t\t<\/div>\n\t\t\t\t<\/div>\n\t\t\t\t\t<\/div>\n\t\t\t\t<\/div>\n\t\t\t\t<\/div>\n\t\t","protected":false},"excerpt":{"rendered":"<p>Cura\u00e7ao staat garant voor een vakantie met een Caribisch tintje. Geniet met een koel drankje aan de rand van het zwembad, bezoek \u00e9\u00e9n van de (of alle) stranden op het eiland, of bezoek de parken die het eiland rijk is. Je vakantie wordt n\u00f3g leuker als je een arrangement boekt; dan is je vlucht inbegrepen, [&hellip;]<\/p>\n","protected":false},"author":27,"featured_media":19985,"comment_status":"open","ping_status":"closed","sticky":false,"template":"","format":"standard","meta":{"_acf_changed":false,"footnotes":""},"categories":[771],"tags":[],"geo":[724],"class_list":["post-19983","post","type-post","status-publish","format-standard","has-post-thumbnail","hentry","category-weetjes-tips","geo-curacao"],"blocksy_meta":[],"acf":[],"_links":{"self":[{"href":"https:\/\/inspiratie.corendon.nl\/wp-json\/wp\/v2\/posts\/19983","targetHints":{"allow":["GET"]}}],"collection":[{"href":"https:\/\/inspiratie.corendon.nl\/wp-json\/wp\/v2\/posts"}],"about":[{"href":"https:\/\/inspiratie.corendon.nl\/wp-json\/wp\/v2\/types\/post"}],"author":[{"embeddable":true,"href":"https:\/\/inspiratie.corendon.nl\/wp-json\/wp\/v2\/users\/27"}],"replies":[{"embeddable":true,"href":"https:\/\/inspiratie.corendon.nl\/wp-json\/wp\/v2\/comments?post=19983"}],"version-history":[{"count":10,"href":"https:\/\/inspiratie.corendon.nl\/wp-json\/wp\/v2\/posts\/19983\/revisions"}],"predecessor-version":[{"id":20015,"href":"https:\/\/inspiratie.corendon.nl\/wp-json\/wp\/v2\/posts\/19983\/revisions\/20015"}],"wp:featuredmedia":[{"embeddable":true,"href":"https:\/\/inspiratie.corendon.nl\/wp-json\/wp\/v2\/media\/19985"}],"wp:attachment":[{"href":"https:\/\/inspiratie.corendon.nl\/wp-json\/wp\/v2\/media?parent=19983"}],"wp:term":[{"taxonomy":"category","embeddable":true,"href":"https:\/\/inspiratie.corendon.nl\/wp-json\/wp\/v2\/categories?post=19983"},{"taxonomy":"post_tag","embeddable":true,"href":"https:\/\/inspiratie.corendon.nl\/wp-json\/wp\/v2\/tags?post=19983"},{"taxonomy":"geo","embeddable":true,"href":"https:\/\/inspiratie.corendon.nl\/wp-json\/wp\/v2\/geo?post=19983"}],"curies":[{"name":"wp","href":"https:\/\/api.w.org\/{rel}","templated":true}]}}