{"id":17677,"date":"2024-09-11T13:26:21","date_gmt":"2024-09-11T11:26:21","guid":{"rendered":"https:\/\/inspiratie.corendon.nl\/?p=17677"},"modified":"2024-09-11T13:27:01","modified_gmt":"2024-09-11T11:27:01","slug":"wat-te-doen-in-malaga","status":"publish","type":"post","link":"https:\/\/inspiratie.corendon.nl\/wat-te-doen-in-malaga\/","title":{"rendered":"Wat te doen in M\u00e1laga? 10 leuke activiteiten!"},"content":{"rendered":"\n<p>M\u00e1laga is een prachtige stad aan de zonovergoten Costa del Sol in het zuiden van Spanje, waar moderne charme en een rijke geschiedenis samenkomen. Deze levendige stad biedt alles voor een gevarieerd bezoek: een warm klimaat, gouden stranden, cultureel erfgoed en een bruisende kunstscene. Van tapasproeverijen in sfeervolle straatjes tot wandelen langs de haven met uitzicht op de Middellandse Zee \u2013 in M\u00e1laga ervaar je het beste van Andalusi\u00eb. Laat je in deze blog inspireren door de relaxte sfeer van deze Spaanse parel en ontdek wat te doen in M\u00e1laga. Hieronder vind je onze top 10 met de leukste bezienswaardigheden.<\/p>\n\n\n\n<div class=\"wp-block-rank-math-toc-block\" id=\"rank-math-toc\"><h2>Wat te doen in M\u00e1laga?<\/h2><nav><ol><li class=\"\"><a href=\"#1-alcazaba-de-malaga\">Alcazaba de M\u00e1laga<\/a><\/li><li class=\"\"><a href=\"#2-castillo-de-gibralfaro\">Castillo de Gibralfaro<\/a><\/li><li class=\"\"><a href=\"#3-museo-picasso\">Museo Picasso<\/a><\/li><li class=\"\"><a href=\"#4-het-historische-centrum\">Het historische centrum<\/a><\/li><li class=\"\"><a href=\"#5-de-kathedraal-van-malaga\">De kathedraal van M\u00e1laga<\/a><\/li><li class=\"\"><a href=\"#6-relax-op-het-strand\">Relax op het strand<\/a><\/li><li class=\"\"><a href=\"#7-proef-lokale-gerechten-in-mercado-central-de-atarazanas\">Proef lokale gerechten in Mercado Central de Atarazanas<\/a><\/li><li class=\"\"><a href=\"#8-de-botanische-tuin-la-concepcion\">De botanische tuin La Concepci\u00f3n<\/a><\/li><li class=\"\"><a href=\"#9-de-haven-van-malaga\">De haven van M\u00e1laga<\/a><\/li><li class=\"\"><a href=\"#10-geniet-van-een-flamenco-show\">Geniet van een flamenco-show<\/a><\/li><\/ol><\/nav><\/div>\n\n\n\n<h2 class=\"wp-block-heading\" id=\"1-alcazaba-de-malaga\">1. Alcazaba de M\u00e1laga<\/h2>\n\n\n\n<figure class=\"wp-block-gallery has-nested-images columns-2 is-cropped wp-block-gallery-1 is-layout-flex wp-block-gallery-is-layout-flex\">\n<figure class=\"wp-block-image size-full\"><a href=\"https:\/\/inspiratie.corendon.nl\/wp-content\/uploads\/2024\/09\/alcazaba-sierwerk.webp\"><img fetchpriority=\"high\" decoding=\"async\" width=\"1400\" height=\"791\" data-id=\"17681\" src=\"https:\/\/inspiratie.corendon.nl\/wp-content\/uploads\/2024\/09\/alcazaba-sierwerk.webp\" alt=\"Sierwerk Alcazaba\" class=\"wp-image-17681\" srcset=\"https:\/\/inspiratie.corendon.nl\/wp-content\/uploads\/2024\/09\/alcazaba-sierwerk.webp 1400w, https:\/\/inspiratie.corendon.nl\/wp-content\/uploads\/2024\/09\/alcazaba-sierwerk-300x170.webp 300w, https:\/\/inspiratie.corendon.nl\/wp-content\/uploads\/2024\/09\/alcazaba-sierwerk-1024x579.webp 1024w, https:\/\/inspiratie.corendon.nl\/wp-content\/uploads\/2024\/09\/alcazaba-sierwerk-768x434.webp 768w\" sizes=\"(max-width: 1400px) 100vw, 1400px\" \/><\/a><\/figure>\n\n\n\n<figure class=\"wp-block-image size-full\"><a href=\"https:\/\/inspiratie.corendon.nl\/wp-content\/uploads\/2024\/09\/alcazaba.webp\"><img decoding=\"async\" width=\"1400\" height=\"2101\" data-id=\"17682\" src=\"https:\/\/inspiratie.corendon.nl\/wp-content\/uploads\/2024\/09\/alcazaba.webp\" alt=\"Alcazaba\" class=\"wp-image-17682\" srcset=\"https:\/\/inspiratie.corendon.nl\/wp-content\/uploads\/2024\/09\/alcazaba.webp 1400w, https:\/\/inspiratie.corendon.nl\/wp-content\/uploads\/2024\/09\/alcazaba-200x300.webp 200w, https:\/\/inspiratie.corendon.nl\/wp-content\/uploads\/2024\/09\/alcazaba-682x1024.webp 682w, https:\/\/inspiratie.corendon.nl\/wp-content\/uploads\/2024\/09\/alcazaba-768x1153.webp 768w, https:\/\/inspiratie.corendon.nl\/wp-content\/uploads\/2024\/09\/alcazaba-1024x1536.webp 1024w, https:\/\/inspiratie.corendon.nl\/wp-content\/uploads\/2024\/09\/alcazaba-1365x2048.webp 1365w, https:\/\/inspiratie.corendon.nl\/wp-content\/uploads\/2024\/09\/alcazaba-13x20.webp 13w\" sizes=\"(max-width: 1400px) 100vw, 1400px\" \/><\/a><\/figure>\n\n\n\n<figure class=\"wp-block-image size-full\"><a href=\"https:\/\/inspiratie.corendon.nl\/wp-content\/uploads\/2024\/09\/alcazaba-overview.webp\"><img decoding=\"async\" width=\"1400\" height=\"933\" data-id=\"17683\" src=\"https:\/\/inspiratie.corendon.nl\/wp-content\/uploads\/2024\/09\/alcazaba-overview.webp\" alt=\"Een overzicht van Alcazaba\" class=\"wp-image-17683\" srcset=\"https:\/\/inspiratie.corendon.nl\/wp-content\/uploads\/2024\/09\/alcazaba-overview.webp 1400w, https:\/\/inspiratie.corendon.nl\/wp-content\/uploads\/2024\/09\/alcazaba-overview-300x200.webp 300w, https:\/\/inspiratie.corendon.nl\/wp-content\/uploads\/2024\/09\/alcazaba-overview-1024x682.webp 1024w, https:\/\/inspiratie.corendon.nl\/wp-content\/uploads\/2024\/09\/alcazaba-overview-768x512.webp 768w, https:\/\/inspiratie.corendon.nl\/wp-content\/uploads\/2024\/09\/alcazaba-overview-20x13.webp 20w\" sizes=\"(max-width: 1400px) 100vw, 1400px\" \/><\/a><\/figure>\n<\/figure>\n\n\n\n<p>Wist je dat M\u00e1laga een van de best bewaarde Moorse forten van Spanje heeft? Het Alcazaba de M\u00e1laga dateert uit de 11e eeuw en ligt op de helling van de berg Gibralfaro. Het Alcazaba vormt het hart van M\u00e1laga. Het fort biedt een fascinerend inzicht in de islamitische geschiedenis van de regio, met bijzondere versieringen zoals Arabische tekens, Moorse figuren, moza\u00efek, kleurrijke patio\u2019s en prachtige binnentuinen. In het Alcazaba vind je o.a. een archeologisch museum en zijn de restanten van het voormalige Moorse regeringspaleis te bezichtigen.<\/p>\n\n\n\n<div class=\"wp-block-buttons is-layout-flex wp-block-buttons-is-layout-flex\">\n<div class=\"wp-block-button\"><a class=\"wp-block-button__link wp-element-button\" href=\"https:\/\/www.corendon.nl\/spanje\/costa-del-sol\" target=\"_blank\" rel=\"noopener\">Bekijk onze vakanties aan de Costa del Sol<\/a><\/div>\n<\/div>\n\n\n\n<h2 class=\"wp-block-heading\" id=\"2-castillo-de-gibralfaro\">2. Castillo de Gibralfaro<\/h2>\n\n\n\n<figure class=\"wp-block-image size-full\"><a href=\"https:\/\/inspiratie.corendon.nl\/wp-content\/uploads\/2024\/09\/gibralfaro-kasteel.webp\"><img loading=\"lazy\" decoding=\"async\" width=\"1400\" height=\"1050\" src=\"https:\/\/inspiratie.corendon.nl\/wp-content\/uploads\/2024\/09\/gibralfaro-kasteel.webp\" alt=\"Castillo de Gibralfaro\" class=\"wp-image-17686\" srcset=\"https:\/\/inspiratie.corendon.nl\/wp-content\/uploads\/2024\/09\/gibralfaro-kasteel.webp 1400w, https:\/\/inspiratie.corendon.nl\/wp-content\/uploads\/2024\/09\/gibralfaro-kasteel-300x225.webp 300w, https:\/\/inspiratie.corendon.nl\/wp-content\/uploads\/2024\/09\/gibralfaro-kasteel-1024x768.webp 1024w, https:\/\/inspiratie.corendon.nl\/wp-content\/uploads\/2024\/09\/gibralfaro-kasteel-768x576.webp 768w\" sizes=\"(max-width: 1400px) 100vw, 1400px\" \/><\/a><\/figure>\n\n\n\n<p>Gelegen boven op de 130 meter hoge Gibralfaroberg, biedt het 14e-eeuwse kasteel Gibralfaro van M\u00e1laga een panoramisch uitzicht over de stad en de haven. Het kasteel met zijn opvallende verdedigingsmuren ligt boven het fort van Alcazaba. Aan de oostzijde loopt een steil wandelpad dat beide forten met elkaar verbindt. Het belangrijkste doel van het kasteel was vroeger om als vesting het Alcazaba te verdedigen. Het Gibralfarokasteel en het Alcazaba mogen als combinatie van bezienswaardigheden zeker niet ontbreken tijdens je verblijf in M\u00e1laga! Tip: neem de niet-toeristische route naar Castillo de Gibralfaro, via de noordkant van de berg, zodat je ook nog eens in de schaduw loopt. Start je \u2018klim\u2019 wel vroeg, zeker in de warme zomermaanden. Of juist net voor zonsondergang; het uitzicht is dan n\u00f3g fotogenieker.<\/p>\n\n\n\n<h2 class=\"wp-block-heading\" id=\"3-museo-picasso\">3. Museo Picasso<\/h2>\n\n\n<style>.kb-gallery-id-17677_11f829-b8 .kadence-blocks-gallery-item .kb-gal-image-radius, .kb-gallery-id-17677_11f829-b8 .kb-slide-item .kb-gal-image-radius img{border-radius:0px 0px 0px 0px;;}.kb-gallery-wrap-id-17677_11f829-b8.wp-block-kadence-advancedgallery{overflow:visible;}.kb-gallery-wrap-id-17677_11f829-b8.wp-block-kadence-advancedgallery .kt-blocks-carousel{overflow:visible;}<\/style><div class=\"kb-gallery-wrap-id-17677_11f829-b8 alignnone wp-block-kadence-advancedgallery\"><div class=\"kb-gallery-ul kb-gallery-non-static kb-gallery-type-slider kb-gallery-id-17677_11f829-b8 kb-gallery-caption-style-bottom-hover kb-gallery-filter-none\" data-image-filter=\"none\" data-lightbox-caption=\"true\"><div class=\"kt-blocks-carousel kt-carousel-container-dotstyle-dark\"><div class=\"kt-blocks-carousel-init kb-blocks-slider kt-carousel-arrowstyle-whiteondark kt-carousel-dotstyle-dark kb-slider-group-arrow kb-slider-arrow-position-center\" data-slider-anim-speed=\"400\" data-slider-scroll=\"1\" data-slider-arrows=\"true\" data-slider-fade=\"true\" data-slider-dots=\"true\"data-slider-type=\"slider\"  data-slider-hover-pause=\"false\" data-slider-auto=\"\" data-slider-speed=\"7000\" data-show-pause-button=\"false\"><li class=\"kb-slide-item kb-gallery-slide-item\"><div class=\"kadence-blocks-gallery-item\"><div class=\"kadence-blocks-gallery-item-inner\"><figure class=\"kb-gallery-figure kadence-blocks-gallery-item-hide-caption\"><div class=\"kb-gal-image-radius\"><div class=\"kb-gallery-image-contain kadence-blocks-gallery-intrinsic kb-gallery-image-ratio-land32 kb-has-image-ratio-land32\" ><img loading=\"lazy\" decoding=\"async\" src=\"data:image\/svg+xml,%3Csvg%20xmlns='http:\/\/www.w3.org\/2000\/svg'%20viewBox='0%200%201000%20667'%3E%3C\/svg%3E\"  data-splide-lazy=\"https:\/\/inspiratie.corendon.nl\/wp-content\/uploads\/2024\/09\/picasso-museum-binnenplaats.webp\" width=\"1400\" height=\"1868\" alt=\"Picasso binnenplaats\" data-full-image=\"https:\/\/inspiratie.corendon.nl\/wp-content\/uploads\/2024\/09\/picasso-museum-binnenplaats.webp\" data-light-image=\"https:\/\/inspiratie.corendon.nl\/wp-content\/uploads\/2024\/09\/picasso-museum-binnenplaats.webp\" data-splide-lazy-srcset=\"https:\/\/inspiratie.corendon.nl\/wp-content\/uploads\/2024\/09\/picasso-museum-binnenplaats.webp 1400w, https:\/\/inspiratie.corendon.nl\/wp-content\/uploads\/2024\/09\/picasso-museum-binnenplaats-225x300.webp 225w, https:\/\/inspiratie.corendon.nl\/wp-content\/uploads\/2024\/09\/picasso-museum-binnenplaats-767x1024.webp 767w, https:\/\/inspiratie.corendon.nl\/wp-content\/uploads\/2024\/09\/picasso-museum-binnenplaats-768x1025.webp 768w, https:\/\/inspiratie.corendon.nl\/wp-content\/uploads\/2024\/09\/picasso-museum-binnenplaats-1151x1536.webp 1151w\" sizes=\"(max-width: 1400px) 100vw, 1400px\"data-id=\"17691\" class=\"wp-image-17691 skip-lazy\"\/><\/div><\/div><\/figure><\/div><\/div><\/li><li class=\"kb-slide-item kb-gallery-slide-item\"><div class=\"kadence-blocks-gallery-item\"><div class=\"kadence-blocks-gallery-item-inner\"><figure class=\"kb-gallery-figure kadence-blocks-gallery-item-hide-caption\"><div class=\"kb-gal-image-radius\"><div class=\"kb-gallery-image-contain kadence-blocks-gallery-intrinsic kb-gallery-image-ratio-land32 kb-has-image-ratio-land32\" ><img loading=\"lazy\" decoding=\"async\" src=\"data:image\/svg+xml,%3Csvg%20xmlns='http:\/\/www.w3.org\/2000\/svg'%20viewBox='0%200%201000%20667'%3E%3C\/svg%3E\"  data-splide-lazy=\"https:\/\/inspiratie.corendon.nl\/wp-content\/uploads\/2024\/09\/picasso-museum.webp\" width=\"1400\" height=\"934\" alt=\"Picasso museum\" data-full-image=\"https:\/\/inspiratie.corendon.nl\/wp-content\/uploads\/2024\/09\/picasso-museum.webp\" data-light-image=\"https:\/\/inspiratie.corendon.nl\/wp-content\/uploads\/2024\/09\/picasso-museum.webp\" data-splide-lazy-srcset=\"https:\/\/inspiratie.corendon.nl\/wp-content\/uploads\/2024\/09\/picasso-museum.webp 1400w, https:\/\/inspiratie.corendon.nl\/wp-content\/uploads\/2024\/09\/picasso-museum-300x200.webp 300w, https:\/\/inspiratie.corendon.nl\/wp-content\/uploads\/2024\/09\/picasso-museum-1024x683.webp 1024w, https:\/\/inspiratie.corendon.nl\/wp-content\/uploads\/2024\/09\/picasso-museum-768x512.webp 768w\" sizes=\"(max-width: 1400px) 100vw, 1400px\"data-id=\"17690\" class=\"wp-image-17690 skip-lazy\"\/><\/div><\/div><\/figure><\/div><\/div><\/li><li class=\"kb-slide-item kb-gallery-slide-item\"><div class=\"kadence-blocks-gallery-item\"><div class=\"kadence-blocks-gallery-item-inner\"><figure class=\"kb-gallery-figure kadence-blocks-gallery-item-hide-caption\"><div class=\"kb-gal-image-radius\"><div class=\"kb-gallery-image-contain kadence-blocks-gallery-intrinsic kb-gallery-image-ratio-land32 kb-has-image-ratio-land32\" ><img loading=\"lazy\" decoding=\"async\" src=\"data:image\/svg+xml,%3Csvg%20xmlns='http:\/\/www.w3.org\/2000\/svg'%20viewBox='0%200%201000%20667'%3E%3C\/svg%3E\"  data-splide-lazy=\"https:\/\/inspiratie.corendon.nl\/wp-content\/uploads\/2024\/09\/picasso-standbeeld.webp\" width=\"1400\" height=\"934\" alt=\"Picasso standbeeld\" data-full-image=\"https:\/\/inspiratie.corendon.nl\/wp-content\/uploads\/2024\/09\/picasso-standbeeld.webp\" data-light-image=\"https:\/\/inspiratie.corendon.nl\/wp-content\/uploads\/2024\/09\/picasso-standbeeld.webp\" data-splide-lazy-srcset=\"https:\/\/inspiratie.corendon.nl\/wp-content\/uploads\/2024\/09\/picasso-standbeeld.webp 1400w, https:\/\/inspiratie.corendon.nl\/wp-content\/uploads\/2024\/09\/picasso-standbeeld-300x200.webp 300w, https:\/\/inspiratie.corendon.nl\/wp-content\/uploads\/2024\/09\/picasso-standbeeld-1024x683.webp 1024w, https:\/\/inspiratie.corendon.nl\/wp-content\/uploads\/2024\/09\/picasso-standbeeld-768x512.webp 768w\" sizes=\"(max-width: 1400px) 100vw, 1400px\"data-id=\"17689\" class=\"wp-image-17689 skip-lazy\"\/><\/div><\/div><\/figure><\/div><\/div><\/li><\/div><\/div><\/div><\/div>\n\n\n<p>M\u00e1laga is de geboorteplaats van kunstschilder Pablo Picasso. Een eerbetoon aan de legendarische kunstenaar, het Museo Picasso M\u00e1laga, mocht dan ook niet ontbreken in de stad. Een verblijf in M\u00e1laga is ook zeker niet compleet zonder een verkenning van dit museum. Het museum is gevestigd in het historische centrum en de Joodse wijk van M\u00e1laga, in het Palacio Buenavista, een fantastisch 16e-eeuws paleis dat is gebouwd op de ru\u00efnes van het nog oudere Nasrid-Paleis. Het museum herbergt een indrukwekkende collectie met ruim 200 werken van Picasso, van zijn vroege tot zijn latere periodes.<\/p>\n\n\n\n<h2 class=\"wp-block-heading\" id=\"4-het-historische-centrum\">4. Het historische centrum<\/h2>\n\n\n<style>.kb-gallery-id-17677_1163e8-24 .kadence-blocks-gallery-item .kb-gal-image-radius, .kb-gallery-id-17677_1163e8-24 .kb-slide-item .kb-gal-image-radius img{border-radius:0px 0px 0px 0px;;}.kb-gallery-wrap-id-17677_1163e8-24.wp-block-kadence-advancedgallery{overflow:visible;}.kb-gallery-wrap-id-17677_1163e8-24.wp-block-kadence-advancedgallery .kt-blocks-carousel{overflow:visible;}<\/style><div class=\"kb-gallery-wrap-id-17677_1163e8-24 alignnone wp-block-kadence-advancedgallery\"><div class=\"kb-gallery-ul kb-gallery-non-static kb-gallery-type-slider kb-gallery-id-17677_1163e8-24 kb-gallery-caption-style-bottom-hover kb-gallery-filter-none\" data-image-filter=\"none\" data-lightbox-caption=\"true\"><div class=\"kt-blocks-carousel kt-carousel-container-dotstyle-dark\"><div class=\"kt-blocks-carousel-init kb-blocks-slider kt-carousel-arrowstyle-whiteondark kt-carousel-dotstyle-dark kb-slider-group-arrow kb-slider-arrow-position-center\" data-slider-anim-speed=\"400\" data-slider-scroll=\"1\" data-slider-arrows=\"true\" data-slider-fade=\"true\" data-slider-dots=\"true\"data-slider-type=\"slider\"  data-slider-hover-pause=\"false\" data-slider-auto=\"\" data-slider-speed=\"7000\" data-show-pause-button=\"false\"><li class=\"kb-slide-item kb-gallery-slide-item\"><div class=\"kadence-blocks-gallery-item\"><div class=\"kadence-blocks-gallery-item-inner\"><figure class=\"kb-gallery-figure kadence-blocks-gallery-item-hide-caption\"><div class=\"kb-gal-image-radius\"><div class=\"kb-gallery-image-contain kadence-blocks-gallery-intrinsic kb-gallery-image-ratio-land32 kb-has-image-ratio-land32\" ><img loading=\"lazy\" decoding=\"async\" src=\"data:image\/svg+xml,%3Csvg%20xmlns='http:\/\/www.w3.org\/2000\/svg'%20viewBox='0%200%201000%20667'%3E%3C\/svg%3E\"  data-splide-lazy=\"https:\/\/inspiratie.corendon.nl\/wp-content\/uploads\/2024\/09\/malaga-centrum.webp\" width=\"1400\" height=\"934\" alt=\"\" data-full-image=\"https:\/\/inspiratie.corendon.nl\/wp-content\/uploads\/2024\/09\/malaga-centrum.webp\" data-light-image=\"https:\/\/inspiratie.corendon.nl\/wp-content\/uploads\/2024\/09\/malaga-centrum.webp\" data-splide-lazy-srcset=\"https:\/\/inspiratie.corendon.nl\/wp-content\/uploads\/2024\/09\/malaga-centrum.webp 1400w, https:\/\/inspiratie.corendon.nl\/wp-content\/uploads\/2024\/09\/malaga-centrum-300x200.webp 300w, https:\/\/inspiratie.corendon.nl\/wp-content\/uploads\/2024\/09\/malaga-centrum-1024x683.webp 1024w, https:\/\/inspiratie.corendon.nl\/wp-content\/uploads\/2024\/09\/malaga-centrum-768x512.webp 768w\" sizes=\"(max-width: 1400px) 100vw, 1400px\"data-id=\"17694\" class=\"wp-image-17694 skip-lazy\"\/><\/div><\/div><\/figure><\/div><\/div><\/li><li class=\"kb-slide-item kb-gallery-slide-item\"><div class=\"kadence-blocks-gallery-item\"><div class=\"kadence-blocks-gallery-item-inner\"><figure class=\"kb-gallery-figure kadence-blocks-gallery-item-hide-caption\"><div class=\"kb-gal-image-radius\"><div class=\"kb-gallery-image-contain kadence-blocks-gallery-intrinsic kb-gallery-image-ratio-land32 kb-has-image-ratio-land32\" ><img loading=\"lazy\" decoding=\"async\" src=\"data:image\/svg+xml,%3Csvg%20xmlns='http:\/\/www.w3.org\/2000\/svg'%20viewBox='0%200%201000%20667'%3E%3C\/svg%3E\"  data-splide-lazy=\"https:\/\/inspiratie.corendon.nl\/wp-content\/uploads\/2024\/09\/oude-centrum-malaga.webp\" width=\"1400\" height=\"934\" alt=\"\" data-full-image=\"https:\/\/inspiratie.corendon.nl\/wp-content\/uploads\/2024\/09\/oude-centrum-malaga.webp\" data-light-image=\"https:\/\/inspiratie.corendon.nl\/wp-content\/uploads\/2024\/09\/oude-centrum-malaga.webp\" data-splide-lazy-srcset=\"https:\/\/inspiratie.corendon.nl\/wp-content\/uploads\/2024\/09\/oude-centrum-malaga.webp 1400w, https:\/\/inspiratie.corendon.nl\/wp-content\/uploads\/2024\/09\/oude-centrum-malaga-300x200.webp 300w, https:\/\/inspiratie.corendon.nl\/wp-content\/uploads\/2024\/09\/oude-centrum-malaga-1024x683.webp 1024w, https:\/\/inspiratie.corendon.nl\/wp-content\/uploads\/2024\/09\/oude-centrum-malaga-768x512.webp 768w\" sizes=\"(max-width: 1400px) 100vw, 1400px\"data-id=\"17693\" class=\"wp-image-17693 skip-lazy\"\/><\/div><\/div><\/figure><\/div><\/div><\/li><\/div><\/div><\/div><\/div>\n\n\n<p>Het oude centrum van M\u00e1laga bestaat uit charmante straten, kathedralen, traditionele winkels, verrassende boetiekjes en sfeervolle pleinen zoals Plaza de la Constituci\u00f3n en Plaza de la Merced. Je vindt er de leukste tapastentjes \u00e9n geweldige street art met op bijna elke hoek van de straat een ander kunstwerk. Dit deel van M\u00e1laga bruist altijd. Vooral Plaza de la Merced is een aantrekkelijk plein voor een drankje in de zon (lees: onze favoriete locatie). Vanaf \u00e9\u00e9n van de vele terrasjes laat je het Spaanse leven aan je voorbijgaan. Vergeet vooral niet om ook door de kleine straatjes achter de gebaande paden te struinen. Ontdek bijvoorbeeld de omgeving rondom Plaza de los M\u00e1rtires of zoek de randen van het stadshart eens op.<\/p>\n\n\n\n<div class=\"wp-block-buttons is-layout-flex wp-block-buttons-is-layout-flex\">\n<div class=\"wp-block-button\"><a class=\"wp-block-button__link wp-element-button\" href=\"https:\/\/www.corendon.nl\/spanje\/costa-del-sol\" target=\"_blank\" rel=\"noopener\">Bekijk onze vakanties aan de Costa del Sol<\/a><\/div>\n<\/div>\n\n\n\n<h2 class=\"wp-block-heading\" id=\"5-de-kathedraal-van-malaga\">5. De kathedraal van M\u00e1laga<\/h2>\n\n\n\n<figure class=\"wp-block-image size-full\"><a href=\"https:\/\/inspiratie.corendon.nl\/wp-content\/uploads\/2024\/09\/kathedraal-van-malaga.webp\"><img loading=\"lazy\" decoding=\"async\" width=\"1400\" height=\"934\" src=\"https:\/\/inspiratie.corendon.nl\/wp-content\/uploads\/2024\/09\/kathedraal-van-malaga.webp\" alt=\"Kathedraal van M\u00e1laga\" class=\"wp-image-17695\" srcset=\"https:\/\/inspiratie.corendon.nl\/wp-content\/uploads\/2024\/09\/kathedraal-van-malaga.webp 1400w, https:\/\/inspiratie.corendon.nl\/wp-content\/uploads\/2024\/09\/kathedraal-van-malaga-300x200.webp 300w, https:\/\/inspiratie.corendon.nl\/wp-content\/uploads\/2024\/09\/kathedraal-van-malaga-1024x683.webp 1024w, https:\/\/inspiratie.corendon.nl\/wp-content\/uploads\/2024\/09\/kathedraal-van-malaga-768x512.webp 768w\" sizes=\"(max-width: 1400px) 100vw, 1400px\" \/><\/a><\/figure>\n\n\n\n<p>Hij is niet te missen: de kathedraal van M\u00e1laga. Vanuit vrijwel alle hoeken in de stad zie je deze imposante kathedraal boven de stad uitsteken. Je vindt de kathedraal op het toeristische plein Plaza del Obispo. Ruim 200 jaar heeft het geduurd om de kathedraal te bouwen en eigenlijk is hij nog steeds niet af. De indrukwekkende kathedraal staat in M\u00e1laga bekend als &#8220;La Manquita&#8221;, wat betekent de \u00e9\u00e9narmige of manke dame. De kathedraal heet zo vanwege een ontbrekende toren. Na een geldgebrek besloot men om niet meer aan de toren te bouwen. Aan de buitenkant valt de kathedraal op door de gotische, renaissance en barokke bouwstijlen. Wie n\u00f3g meer wil zien van de kathedraal en van M\u00e1laga, kan zelfs het dak van de kathedraal op.<\/p>\n\n\n\n<h2 class=\"wp-block-heading\" id=\"6-relax-op-het-strand\">6. Relax op het strand<\/h2>\n\n\n\n<figure class=\"wp-block-image size-full\"><a href=\"https:\/\/inspiratie.corendon.nl\/wp-content\/uploads\/2024\/09\/la-malagueta-stadsstrand.webp\"><img loading=\"lazy\" decoding=\"async\" width=\"1400\" height=\"935\" src=\"https:\/\/inspiratie.corendon.nl\/wp-content\/uploads\/2024\/09\/la-malagueta-stadsstrand.webp\" alt=\"La Malagueta, zandstrand\" class=\"wp-image-17698\" srcset=\"https:\/\/inspiratie.corendon.nl\/wp-content\/uploads\/2024\/09\/la-malagueta-stadsstrand.webp 1400w, https:\/\/inspiratie.corendon.nl\/wp-content\/uploads\/2024\/09\/la-malagueta-stadsstrand-300x200.webp 300w, https:\/\/inspiratie.corendon.nl\/wp-content\/uploads\/2024\/09\/la-malagueta-stadsstrand-1024x684.webp 1024w, https:\/\/inspiratie.corendon.nl\/wp-content\/uploads\/2024\/09\/la-malagueta-stadsstrand-768x513.webp 768w\" sizes=\"(max-width: 1400px) 100vw, 1400px\" \/><\/a><\/figure>\n\n\n\n<p>La Malagueta Ben je op een warme dag in M\u00e1laga? Good for you! Hoe fijn is het om een bezoek aan de stad te combineren met het strand? Het stadsstrand La Malagueta is perfect voor een dagje zonnebaden, zwemmen en genieten van de Spaanse zon. La Malagueta ligt op loopafstand van het centrum, het begint bij de vuurtoren La Farola (aan het eind van de moderne boulevard Muelle Uno) en loopt langs de kust door via diverse baaitjes. Het strand heeft een bijbehorende boulevard met &#8216;chiringuitos&#8217;, strandtentjes waar je heerlijke verse vis eet.<\/p>\n\n\n\n<h2 class=\"wp-block-heading\" id=\"7-proef-lokale-gerechten-in-mercado-central-de-atarazanas\">7. Proef lokale gerechten in Mercado Central de Atarazanas<\/h2>\n\n\n<style>.kb-gallery-id-17677_2fdc31-18 .kadence-blocks-gallery-item .kb-gal-image-radius, .kb-gallery-id-17677_2fdc31-18 .kb-slide-item .kb-gal-image-radius img{border-radius:0px 0px 0px 0px;;}.kb-gallery-wrap-id-17677_2fdc31-18.wp-block-kadence-advancedgallery{overflow:visible;}.kb-gallery-wrap-id-17677_2fdc31-18.wp-block-kadence-advancedgallery .kt-blocks-carousel{overflow:visible;}<\/style><div class=\"kb-gallery-wrap-id-17677_2fdc31-18 alignnone wp-block-kadence-advancedgallery\"><div class=\"kb-gallery-ul kb-gallery-non-static kb-gallery-type-slider kb-gallery-id-17677_2fdc31-18 kb-gallery-caption-style-bottom-hover kb-gallery-filter-none\" data-image-filter=\"none\" data-lightbox-caption=\"true\"><div class=\"kt-blocks-carousel kt-carousel-container-dotstyle-dark\"><div class=\"kt-blocks-carousel-init kb-blocks-slider kt-carousel-arrowstyle-whiteondark kt-carousel-dotstyle-dark kb-slider-group-arrow kb-slider-arrow-position-center\" data-slider-anim-speed=\"400\" data-slider-scroll=\"1\" data-slider-arrows=\"true\" data-slider-fade=\"true\" data-slider-dots=\"true\"data-slider-type=\"slider\"  data-slider-hover-pause=\"false\" data-slider-auto=\"\" data-slider-speed=\"7000\" data-show-pause-button=\"false\"><li class=\"kb-slide-item kb-gallery-slide-item\"><div class=\"kadence-blocks-gallery-item\"><div class=\"kadence-blocks-gallery-item-inner\"><figure class=\"kb-gallery-figure kadence-blocks-gallery-item-hide-caption\"><div class=\"kb-gal-image-radius\"><div class=\"kb-gallery-image-contain kadence-blocks-gallery-intrinsic kb-gallery-image-ratio-land43 kb-has-image-ratio-land43\" ><img loading=\"lazy\" decoding=\"async\" src=\"data:image\/svg+xml,%3Csvg%20xmlns='http:\/\/www.w3.org\/2000\/svg'%20viewBox='0%200%201000%20667'%3E%3C\/svg%3E\"  data-splide-lazy=\"https:\/\/inspiratie.corendon.nl\/wp-content\/uploads\/2024\/09\/mercado-central-de-atarazanas.webp\" width=\"1400\" height=\"1144\" alt=\"\" data-full-image=\"https:\/\/inspiratie.corendon.nl\/wp-content\/uploads\/2024\/09\/mercado-central-de-atarazanas.webp\" data-light-image=\"https:\/\/inspiratie.corendon.nl\/wp-content\/uploads\/2024\/09\/mercado-central-de-atarazanas.webp\" data-splide-lazy-srcset=\"https:\/\/inspiratie.corendon.nl\/wp-content\/uploads\/2024\/09\/mercado-central-de-atarazanas.webp 1400w, https:\/\/inspiratie.corendon.nl\/wp-content\/uploads\/2024\/09\/mercado-central-de-atarazanas-300x245.webp 300w, https:\/\/inspiratie.corendon.nl\/wp-content\/uploads\/2024\/09\/mercado-central-de-atarazanas-1024x837.webp 1024w, https:\/\/inspiratie.corendon.nl\/wp-content\/uploads\/2024\/09\/mercado-central-de-atarazanas-768x628.webp 768w\" sizes=\"(max-width: 1400px) 100vw, 1400px\"data-id=\"17700\" class=\"wp-image-17700 skip-lazy\"\/><\/div><\/div><\/figure><\/div><\/div><\/li><li class=\"kb-slide-item kb-gallery-slide-item\"><div class=\"kadence-blocks-gallery-item\"><div class=\"kadence-blocks-gallery-item-inner\"><figure class=\"kb-gallery-figure kadence-blocks-gallery-item-hide-caption\"><div class=\"kb-gal-image-radius\"><div class=\"kb-gallery-image-contain kadence-blocks-gallery-intrinsic kb-gallery-image-ratio-land43 kb-has-image-ratio-land43\" ><img loading=\"lazy\" decoding=\"async\" src=\"data:image\/svg+xml,%3Csvg%20xmlns='http:\/\/www.w3.org\/2000\/svg'%20viewBox='0%200%201000%20667'%3E%3C\/svg%3E\"  data-splide-lazy=\"https:\/\/inspiratie.corendon.nl\/wp-content\/uploads\/2024\/09\/mercado-central-de-atarazanas-buiten.webp\" width=\"1400\" height=\"934\" alt=\"\" data-full-image=\"https:\/\/inspiratie.corendon.nl\/wp-content\/uploads\/2024\/09\/mercado-central-de-atarazanas-buiten.webp\" data-light-image=\"https:\/\/inspiratie.corendon.nl\/wp-content\/uploads\/2024\/09\/mercado-central-de-atarazanas-buiten.webp\" data-splide-lazy-srcset=\"https:\/\/inspiratie.corendon.nl\/wp-content\/uploads\/2024\/09\/mercado-central-de-atarazanas-buiten.webp 1400w, https:\/\/inspiratie.corendon.nl\/wp-content\/uploads\/2024\/09\/mercado-central-de-atarazanas-buiten-300x200.webp 300w, https:\/\/inspiratie.corendon.nl\/wp-content\/uploads\/2024\/09\/mercado-central-de-atarazanas-buiten-1024x683.webp 1024w, https:\/\/inspiratie.corendon.nl\/wp-content\/uploads\/2024\/09\/mercado-central-de-atarazanas-buiten-768x512.webp 768w\" sizes=\"(max-width: 1400px) 100vw, 1400px\"data-id=\"17701\" class=\"wp-image-17701 skip-lazy\"\/><\/div><\/div><\/figure><\/div><\/div><\/li><\/div><\/div><\/div><\/div>\n\n\n<p>Deze levendige, overdekte markthal in het historische centrum van de stad is \u00e9\u00e9n van de bekendste bezienswaardigheden van M\u00e1laga. Hier zie \u00e9n proef je de smaak van M\u00e1laga. Wat dacht je van verse groenten, fruit, vlees, vis, kaas, noten en vele typisch Spaanse specialiteiten? Op de markt zijn een paar kleine barretjes, de ideale plek dus om lokale specialiteiten te proberen, zoals tapas, verse zeevruchten en lokale wijnen.<\/p>\n\n\n\n<div class=\"wp-block-buttons is-layout-flex wp-block-buttons-is-layout-flex\">\n<div class=\"wp-block-button\"><a class=\"wp-block-button__link wp-element-button\" href=\"https:\/\/www.corendon.nl\/spanje\/costa-del-sol\" target=\"_blank\" rel=\"noopener\">Bekijk onze vakanties aan de Costa del Sol<\/a><\/div>\n<\/div>\n\n\n\n<h2 class=\"wp-block-heading\" id=\"8-de-botanische-tuin-la-concepcion\">8. De botanische tuin La Concepci\u00f3n<\/h2>\n\n\n<style>.kb-gallery-id-17677_1301bc-a9 .kadence-blocks-gallery-item .kb-gal-image-radius, .kb-gallery-id-17677_1301bc-a9 .kb-slide-item .kb-gal-image-radius img{border-radius:0px 0px 0px 0px;;}.kb-gallery-wrap-id-17677_1301bc-a9.wp-block-kadence-advancedgallery{overflow:visible;}.kb-gallery-wrap-id-17677_1301bc-a9.wp-block-kadence-advancedgallery .kt-blocks-carousel{overflow:visible;}<\/style><div class=\"kb-gallery-wrap-id-17677_1301bc-a9 alignnone wp-block-kadence-advancedgallery\"><div class=\"kb-gallery-ul kb-gallery-non-static kb-gallery-type-slider kb-gallery-id-17677_1301bc-a9 kb-gallery-caption-style-bottom-hover kb-gallery-filter-none\" data-image-filter=\"none\" data-lightbox-caption=\"true\"><div class=\"kt-blocks-carousel kt-carousel-container-dotstyle-dark\"><div class=\"kt-blocks-carousel-init kb-blocks-slider kt-carousel-arrowstyle-whiteondark kt-carousel-dotstyle-dark kb-slider-group-arrow kb-slider-arrow-position-center\" data-slider-anim-speed=\"400\" data-slider-scroll=\"1\" data-slider-arrows=\"true\" data-slider-fade=\"true\" data-slider-dots=\"true\"data-slider-type=\"slider\"  data-slider-hover-pause=\"false\" data-slider-auto=\"\" data-slider-speed=\"7000\" data-show-pause-button=\"false\"><li class=\"kb-slide-item kb-gallery-slide-item\"><div class=\"kadence-blocks-gallery-item\"><div class=\"kadence-blocks-gallery-item-inner\"><figure class=\"kb-gallery-figure kadence-blocks-gallery-item-hide-caption\"><div class=\"kb-gal-image-radius\"><div class=\"kb-gallery-image-contain kadence-blocks-gallery-intrinsic kb-gallery-image-ratio-land169 kb-has-image-ratio-land169\" ><img loading=\"lazy\" decoding=\"async\" src=\"data:image\/svg+xml,%3Csvg%20xmlns='http:\/\/www.w3.org\/2000\/svg'%20viewBox='0%200%201000%20667'%3E%3C\/svg%3E\"  data-splide-lazy=\"https:\/\/inspiratie.corendon.nl\/wp-content\/uploads\/2024\/09\/botanische-tuin-la-concepcion.webp\" width=\"1400\" height=\"888\" alt=\"De botanische tuin La Concepci\u00f3n\" data-full-image=\"https:\/\/inspiratie.corendon.nl\/wp-content\/uploads\/2024\/09\/botanische-tuin-la-concepcion.webp\" data-light-image=\"https:\/\/inspiratie.corendon.nl\/wp-content\/uploads\/2024\/09\/botanische-tuin-la-concepcion.webp\" data-splide-lazy-srcset=\"https:\/\/inspiratie.corendon.nl\/wp-content\/uploads\/2024\/09\/botanische-tuin-la-concepcion.webp 1400w, https:\/\/inspiratie.corendon.nl\/wp-content\/uploads\/2024\/09\/botanische-tuin-la-concepcion-300x190.webp 300w, https:\/\/inspiratie.corendon.nl\/wp-content\/uploads\/2024\/09\/botanische-tuin-la-concepcion-1024x650.webp 1024w, https:\/\/inspiratie.corendon.nl\/wp-content\/uploads\/2024\/09\/botanische-tuin-la-concepcion-768x487.webp 768w\" sizes=\"(max-width: 1400px) 100vw, 1400px\"data-id=\"17703\" class=\"wp-image-17703 skip-lazy\"\/><\/div><\/div><\/figure><\/div><\/div><\/li><li class=\"kb-slide-item kb-gallery-slide-item\"><div class=\"kadence-blocks-gallery-item\"><div class=\"kadence-blocks-gallery-item-inner\"><figure class=\"kb-gallery-figure kadence-blocks-gallery-item-hide-caption\"><div class=\"kb-gal-image-radius\"><div class=\"kb-gallery-image-contain kadence-blocks-gallery-intrinsic kb-gallery-image-ratio-land169 kb-has-image-ratio-land169\" ><img loading=\"lazy\" decoding=\"async\" src=\"data:image\/svg+xml,%3Csvg%20xmlns='http:\/\/www.w3.org\/2000\/svg'%20viewBox='0%200%201000%20667'%3E%3C\/svg%3E\"  data-splide-lazy=\"https:\/\/inspiratie.corendon.nl\/wp-content\/uploads\/2024\/09\/botanische-tuin-planten-la-concepcion.webp\" width=\"1400\" height=\"702\" alt=\"De botanische tuin La Concepci\u00f3n\" data-full-image=\"https:\/\/inspiratie.corendon.nl\/wp-content\/uploads\/2024\/09\/botanische-tuin-planten-la-concepcion.webp\" data-light-image=\"https:\/\/inspiratie.corendon.nl\/wp-content\/uploads\/2024\/09\/botanische-tuin-planten-la-concepcion.webp\" data-splide-lazy-srcset=\"https:\/\/inspiratie.corendon.nl\/wp-content\/uploads\/2024\/09\/botanische-tuin-planten-la-concepcion.webp 1400w, https:\/\/inspiratie.corendon.nl\/wp-content\/uploads\/2024\/09\/botanische-tuin-planten-la-concepcion-300x150.webp 300w, https:\/\/inspiratie.corendon.nl\/wp-content\/uploads\/2024\/09\/botanische-tuin-planten-la-concepcion-1024x513.webp 1024w, https:\/\/inspiratie.corendon.nl\/wp-content\/uploads\/2024\/09\/botanische-tuin-planten-la-concepcion-768x385.webp 768w\" sizes=\"(max-width: 1400px) 100vw, 1400px\"data-id=\"17704\" class=\"wp-image-17704 skip-lazy\"\/><\/div><\/div><\/figure><\/div><\/div><\/li><\/div><\/div><\/div><\/div>\n\n\n<p>Jard\u00edn de la Concepci\u00f3n de M\u00e1laga is \u00e9\u00e9n van de grootste botanische tuinen van Europa. De historische tuin heeft een grote verscheidenheid aan bomen, bloemen en planten van over de hele wereld en heeft een oppervlakte van ruim 23 hectare. Het park is een groene oase van rust met exotische planten, prachtige fonteinen, kronkelende paadjes, bruggen, vijvers, watervallen en beken. Via verschillende routes kun je door de tuin wandelen. Voor de liefhebber van planten en rust is deze botanische tuin zeker een must-see!<\/p>\n\n\n\n<h2 class=\"wp-block-heading\" id=\"9-de-haven-van-malaga\">9. De haven van M\u00e1laga<\/h2>\n\n\n<style>.kb-gallery-id-17677_32cc5a-c5 .kadence-blocks-gallery-item .kb-gal-image-radius, .kb-gallery-id-17677_32cc5a-c5 .kb-slide-item .kb-gal-image-radius img{border-radius:0px 0px 0px 0px;;}.kb-gallery-wrap-id-17677_32cc5a-c5.wp-block-kadence-advancedgallery{overflow:visible;}.kb-gallery-wrap-id-17677_32cc5a-c5.wp-block-kadence-advancedgallery .kt-blocks-carousel{overflow:visible;}<\/style><div class=\"kb-gallery-wrap-id-17677_32cc5a-c5 alignnone wp-block-kadence-advancedgallery\"><div class=\"kb-gallery-ul kb-gallery-non-static kb-gallery-type-slider kb-gallery-id-17677_32cc5a-c5 kb-gallery-caption-style-bottom-hover kb-gallery-filter-none\" data-image-filter=\"none\" data-lightbox-caption=\"true\"><div class=\"kt-blocks-carousel kt-carousel-container-dotstyle-dark\"><div class=\"kt-blocks-carousel-init kb-blocks-slider kt-carousel-arrowstyle-whiteondark kt-carousel-dotstyle-dark kb-slider-group-arrow kb-slider-arrow-position-center\" data-slider-anim-speed=\"400\" data-slider-scroll=\"1\" data-slider-arrows=\"true\" data-slider-fade=\"true\" data-slider-dots=\"true\"data-slider-type=\"slider\"  data-slider-hover-pause=\"false\" data-slider-auto=\"\" data-slider-speed=\"7000\" data-show-pause-button=\"false\"><li class=\"kb-slide-item kb-gallery-slide-item\"><div class=\"kadence-blocks-gallery-item\"><div class=\"kadence-blocks-gallery-item-inner\"><figure class=\"kb-gallery-figure kadence-blocks-gallery-item-hide-caption\"><div class=\"kb-gal-image-radius\"><div class=\"kb-gallery-image-contain kadence-blocks-gallery-intrinsic kb-gallery-image-ratio-land32 kb-has-image-ratio-land32\" ><img loading=\"lazy\" decoding=\"async\" src=\"data:image\/svg+xml,%3Csvg%20xmlns='http:\/\/www.w3.org\/2000\/svg'%20viewBox='0%200%201000%20667'%3E%3C\/svg%3E\"  data-splide-lazy=\"https:\/\/inspiratie.corendon.nl\/wp-content\/uploads\/2024\/09\/haven-malaga.webp\" width=\"1400\" height=\"934\" alt=\"\" data-full-image=\"https:\/\/inspiratie.corendon.nl\/wp-content\/uploads\/2024\/09\/haven-malaga.webp\" data-light-image=\"https:\/\/inspiratie.corendon.nl\/wp-content\/uploads\/2024\/09\/haven-malaga.webp\" data-splide-lazy-srcset=\"https:\/\/inspiratie.corendon.nl\/wp-content\/uploads\/2024\/09\/haven-malaga.webp 1400w, https:\/\/inspiratie.corendon.nl\/wp-content\/uploads\/2024\/09\/haven-malaga-300x200.webp 300w, https:\/\/inspiratie.corendon.nl\/wp-content\/uploads\/2024\/09\/haven-malaga-1024x683.webp 1024w, https:\/\/inspiratie.corendon.nl\/wp-content\/uploads\/2024\/09\/haven-malaga-768x512.webp 768w\" sizes=\"(max-width: 1400px) 100vw, 1400px\"data-id=\"17705\" class=\"wp-image-17705 skip-lazy\"\/><\/div><\/div><\/figure><\/div><\/div><\/li><li class=\"kb-slide-item kb-gallery-slide-item\"><div class=\"kadence-blocks-gallery-item\"><div class=\"kadence-blocks-gallery-item-inner\"><figure class=\"kb-gallery-figure kadence-blocks-gallery-item-hide-caption\"><div class=\"kb-gal-image-radius\"><div class=\"kb-gallery-image-contain kadence-blocks-gallery-intrinsic kb-gallery-image-ratio-land32 kb-has-image-ratio-land32\" ><img loading=\"lazy\" decoding=\"async\" src=\"data:image\/svg+xml,%3Csvg%20xmlns='http:\/\/www.w3.org\/2000\/svg'%20viewBox='0%200%201000%20667'%3E%3C\/svg%3E\"  data-splide-lazy=\"https:\/\/inspiratie.corendon.nl\/wp-content\/uploads\/2024\/09\/haven-malaga-vuurtoren.webp\" width=\"1400\" height=\"1050\" alt=\"\" data-full-image=\"https:\/\/inspiratie.corendon.nl\/wp-content\/uploads\/2024\/09\/haven-malaga-vuurtoren.webp\" data-light-image=\"https:\/\/inspiratie.corendon.nl\/wp-content\/uploads\/2024\/09\/haven-malaga-vuurtoren.webp\" data-splide-lazy-srcset=\"https:\/\/inspiratie.corendon.nl\/wp-content\/uploads\/2024\/09\/haven-malaga-vuurtoren.webp 1400w, https:\/\/inspiratie.corendon.nl\/wp-content\/uploads\/2024\/09\/haven-malaga-vuurtoren-300x225.webp 300w, https:\/\/inspiratie.corendon.nl\/wp-content\/uploads\/2024\/09\/haven-malaga-vuurtoren-1024x768.webp 1024w, https:\/\/inspiratie.corendon.nl\/wp-content\/uploads\/2024\/09\/haven-malaga-vuurtoren-768x576.webp 768w\" sizes=\"(max-width: 1400px) 100vw, 1400px\"data-id=\"17706\" class=\"wp-image-17706 skip-lazy\"\/><\/div><\/div><\/figure><\/div><\/div><\/li><li class=\"kb-slide-item kb-gallery-slide-item\"><div class=\"kadence-blocks-gallery-item\"><div class=\"kadence-blocks-gallery-item-inner\"><figure class=\"kb-gallery-figure kadence-blocks-gallery-item-hide-caption\"><div class=\"kb-gal-image-radius\"><div class=\"kb-gallery-image-contain kadence-blocks-gallery-intrinsic kb-gallery-image-ratio-land32 kb-has-image-ratio-land32\" ><img loading=\"lazy\" decoding=\"async\" src=\"data:image\/svg+xml,%3Csvg%20xmlns='http:\/\/www.w3.org\/2000\/svg'%20viewBox='0%200%201000%20667'%3E%3C\/svg%3E\"  data-splide-lazy=\"https:\/\/inspiratie.corendon.nl\/wp-content\/uploads\/2024\/09\/haven-malaga-zee.webp\" width=\"1400\" height=\"934\" alt=\"\" data-full-image=\"https:\/\/inspiratie.corendon.nl\/wp-content\/uploads\/2024\/09\/haven-malaga-zee.webp\" data-light-image=\"https:\/\/inspiratie.corendon.nl\/wp-content\/uploads\/2024\/09\/haven-malaga-zee.webp\" data-splide-lazy-srcset=\"https:\/\/inspiratie.corendon.nl\/wp-content\/uploads\/2024\/09\/haven-malaga-zee.webp 1400w, https:\/\/inspiratie.corendon.nl\/wp-content\/uploads\/2024\/09\/haven-malaga-zee-300x200.webp 300w, https:\/\/inspiratie.corendon.nl\/wp-content\/uploads\/2024\/09\/haven-malaga-zee-1024x683.webp 1024w, https:\/\/inspiratie.corendon.nl\/wp-content\/uploads\/2024\/09\/haven-malaga-zee-768x512.webp 768w\" sizes=\"(max-width: 1400px) 100vw, 1400px\"data-id=\"17707\" class=\"wp-image-17707 skip-lazy\"\/><\/div><\/div><\/figure><\/div><\/div><\/li><\/div><\/div><\/div><\/div>\n\n\n<p>Doen in M\u00e1laga: ga naar de haven! De haven is een moderne tegenhanger van het oude centrum, die je gedurende je tijd in M\u00e1laga gezien moet hebben. Een belangrijk onderdeel van de haven is de Muelle Uno-pier. Deze pier heeft een flinke metamorfose ondergaan en is omgebouwd tot een schitterende promenade met een openlucht winkelcentrum, elegante terrasjes en restaurants. Opvallende bezienswaardigheden zijn de witte vuurtoren en de kleurrijke kubus van Centre Pompidou, een modern kunstmuseum. Even ontsnappen aan de warmte van de stad? Vanuit de haven maak je verschillende leuke boottochten.<\/p>\n\n\n\n<h2 class=\"wp-block-heading\" id=\"10-geniet-van-een-flamenco-show\">10. Geniet van een flamenco-show<\/h2>\n\n\n\n<figure class=\"wp-block-image size-full\"><a href=\"https:\/\/inspiratie.corendon.nl\/wp-content\/uploads\/2024\/09\/flamenco.webp\"><img loading=\"lazy\" decoding=\"async\" width=\"1400\" height=\"934\" src=\"https:\/\/inspiratie.corendon.nl\/wp-content\/uploads\/2024\/09\/flamenco.webp\" alt=\"Flamenco show\" class=\"wp-image-17709\" srcset=\"https:\/\/inspiratie.corendon.nl\/wp-content\/uploads\/2024\/09\/flamenco.webp 1400w, https:\/\/inspiratie.corendon.nl\/wp-content\/uploads\/2024\/09\/flamenco-300x200.webp 300w, https:\/\/inspiratie.corendon.nl\/wp-content\/uploads\/2024\/09\/flamenco-1024x683.webp 1024w, https:\/\/inspiratie.corendon.nl\/wp-content\/uploads\/2024\/09\/flamenco-768x512.webp 768w\" sizes=\"(max-width: 1400px) 100vw, 1400px\" \/><\/a><\/figure>\n\n\n\n<p>Beleef de passie en energie van een traditionele flamenco-show in een lokale tablao in de stad. Flamenco is de typische muziek, zang en dans van Andalusi\u00eb. Flamenco is krachtig, expressief, temperamentvol en onlosmakelijk verbonden met de Spaanse cultuur. Door flamenco uit te voeren geven artiesten uiting aan intense gevoelens van verdriet, triestheid, wanhoop of geluk. Laat je meevoeren door de emoties en woon een indrukwekkend flamenco-optreden bij. In M\u00e1laga zijn Alegr\u00eda en El Gallo Rondo uitstekende plekken om te genieten van deze passionele dans. Wel even vooraf reserveren.<\/p>\n\n\n\n<p class=\"has-background\" style=\"background-color:#fafafa\"><strong>Tip \ud83d\udca1<\/strong> Als echte Nederlander pak je de fiets, ook in M\u00e1laga! Een van de meest populaire manieren om veel van bovenstaande bezienswaardigheden te ontdekken is met een fiets. Het autovrije centrum, goede fietspaden en de ligging aan de kust zorgen voor ideale fietsomstandigheden. Huur zelf een fiets, of nog beter, ga mee op een inspirerende fietstour met gids.<\/p>\n\n\n\n<p>Weet jij al wat te doen in M\u00e1laga? De mix van cultuur, geschiedenis, natuur, en ontspanning zorgt ervoor dat M\u00e1laga voor elk wat wils biedt! Een bezoek aan M\u00e1laga valt perfect te combineren met een verblijf aan de Costa del Sol, bijvoorbeeld tijdens je vakantie in Torremolinos, Ben\u00e1lmadena of Fuengirola.<\/p>\n\n\n\n<div class=\"wp-block-buttons is-layout-flex wp-block-buttons-is-layout-flex\">\n<div class=\"wp-block-button\"><a class=\"wp-block-button__link wp-element-button\" href=\"https:\/\/www.corendon.nl\/spanje\/costa-del-sol\" target=\"_blank\" rel=\"noopener\">Bekijk onze vakanties aan de Costa del Sol<\/a><\/div>\n<\/div>\n","protected":false},"excerpt":{"rendered":"<p>M\u00e1laga is een prachtige stad aan de zonovergoten Costa del Sol in het zuiden van Spanje, waar moderne charme en een rijke geschiedenis samenkomen. Deze levendige stad biedt alles voor een gevarieerd bezoek: een warm klimaat, gouden stranden, cultureel erfgoed en een bruisende kunstscene. Van tapasproeverijen in sfeervolle straatjes tot wandelen langs de haven met [&hellip;]<\/p>\n","protected":false},"author":31,"featured_media":17714,"comment_status":"open","ping_status":"closed","sticky":false,"template":"","format":"standard","meta":{"_acf_changed":false,"footnotes":""},"categories":[692],"tags":[],"geo":[710],"class_list":["post-17677","post","type-post","status-publish","format-standard","has-post-thumbnail","hentry","category-bezienswaardigheden","geo-spanje"],"blocksy_meta":[],"acf":[],"_links":{"self":[{"href":"https:\/\/inspiratie.corendon.nl\/wp-json\/wp\/v2\/posts\/17677","targetHints":{"allow":["GET"]}}],"collection":[{"href":"https:\/\/inspiratie.corendon.nl\/wp-json\/wp\/v2\/posts"}],"about":[{"href":"https:\/\/inspiratie.corendon.nl\/wp-json\/wp\/v2\/types\/post"}],"author":[{"embeddable":true,"href":"https:\/\/inspiratie.corendon.nl\/wp-json\/wp\/v2\/users\/31"}],"replies":[{"embeddable":true,"href":"https:\/\/inspiratie.corendon.nl\/wp-json\/wp\/v2\/comments?post=17677"}],"version-history":[{"count":0,"href":"https:\/\/inspiratie.corendon.nl\/wp-json\/wp\/v2\/posts\/17677\/revisions"}],"wp:featuredmedia":[{"embeddable":true,"href":"https:\/\/inspiratie.corendon.nl\/wp-json\/wp\/v2\/media\/17714"}],"wp:attachment":[{"href":"https:\/\/inspiratie.corendon.nl\/wp-json\/wp\/v2\/media?parent=17677"}],"wp:term":[{"taxonomy":"category","embeddable":true,"href":"https:\/\/inspiratie.corendon.nl\/wp-json\/wp\/v2\/categories?post=17677"},{"taxonomy":"post_tag","embeddable":true,"href":"https:\/\/inspiratie.corendon.nl\/wp-json\/wp\/v2\/tags?post=17677"},{"taxonomy":"geo","embeddable":true,"href":"https:\/\/inspiratie.corendon.nl\/wp-json\/wp\/v2\/geo?post=17677"}],"curies":[{"name":"wp","href":"https:\/\/api.w.org\/{rel}","templated":true}]}}